{"id":737,"date":"2011-08-11T17:16:28","date_gmt":"2011-08-11T16:16:28","guid":{"rendered":"http:\/\/nillans.com\/?p=737"},"modified":"2011-08-11T17:16:28","modified_gmt":"2011-08-11T16:16:28","slug":"det-doftar-barndom-i-mitt-hus","status":"publish","type":"post","link":"https:\/\/nillans.com\/?p=737","title":{"rendered":"Det doftar barndom i mitt hus!"},"content":{"rendered":"<p>Det dofta s\u00e5 d\u00e4r ljuvligt av kanelbullar i huset. Det smattrar lite l\u00e4tt p\u00e5 f\u00f6nsterna och det \u00e4r rena h\u00f6stdagen idag trots att vi inte ens n\u00e5tt mitten av augusti. Det \u00e4r s\u00e5dana h\u00e4r dagar jag blir liten igen. Liten och ledsen 8-9-\u00e5ring som kommer hem fr\u00e5n skolan. I det d\u00e4r kalla h\u00f6stregnet har jag g\u00e5tt fr\u00e5n bussen och hem, n\u00e5gra kilometer som k\u00e4nns som mil i kylan. Det \u00e4r inte n\u00e5gon glad flicka som g\u00e5r hem\u00e5t. \u00c5terigen har hon blivit mobbad under dagen och livet \u00e4r pest. Men det \u00e4r fredag s\u00e5 det \u00e4r flera dagars vila innan hon beh\u00f6ver utst\u00e5 skola och &#8221;kamrater&#8221; igen. Hon kliver in genom ytterd\u00f6rren och m\u00f6ts av en underbar doft &#8211; mor bakar bullar!<\/p>\n<p><a href=\"http:\/\/nillans.com\/wp-content\/uploads\/2011\/08\/1313076675267.jpg.jpeg\"><img loading=\"lazy\" decoding=\"async\" class=\"alignnone size-large wp-image-738\" title=\"kanelbullar\" src=\"http:\/\/nillans.com\/wp-content\/uploads\/2011\/08\/1313076675267.jpg-1024x1024.jpg\" alt=\"\" width=\"640\" height=\"640\" \/><\/a><\/p>\n<p>Jag minns hur mor ber mig ta pallen och s\u00e4tta mig bredvid henne och ber\u00e4tta varf\u00f6r jag \u00e4r ledsen. Vi f\u00e5r vars en &#8221;klick&#8221; (rumpan p\u00e5 degen), Gerda och jag. Gerda helt ovetande om varf\u00f6r storasyster \u00e4r ledsen, hon \u00e4r bara glad \u00f6ver att ha n\u00e5gon att leka med igen. S\u00e5 m\u00e5nga eftermiddag jag suttit p\u00e5 den d\u00e4r pallen och gr\u00e5tit och \u00f6nskat att livet vore helt annorlunda. Men doften av nybakade bullar sk\u00e4nker mig v\u00e4rme, mys, tr\u00f6st och tankar p\u00e5 de bra stunderna n\u00e4r man var liten. Jag har inte varit p\u00e5 n\u00e5got annat st\u00e4lle d\u00e4r det luktar exakt som n\u00e4r mor bakade f\u00f6rutom h\u00e4r hemma.<\/p>\n<p>Tack mor och far f\u00f6r en fin barndom trots jobbig skolg\u00e5ng f\u00f6r mig och knapert med pengar f\u00f6r er s\u00e5 fick vi s\u00e5 mycket annat. &lt;3<\/p>\n","protected":false},"excerpt":{"rendered":"<p>Det dofta s\u00e5 d\u00e4r ljuvligt av kanelbullar i huset. Det smattrar lite l\u00e4tt p\u00e5 f\u00f6nsterna och det \u00e4r rena h\u00f6stdagen idag trots att vi inte ens n\u00e5tt mitten av augusti. Det \u00e4r s\u00e5dana h\u00e4r dagar jag blir liten igen. Liten &hellip; <a href=\"https:\/\/nillans.com\/?p=737\">Forts\u00e4tt l\u00e4sa <span class=\"meta-nav\">&rarr;<\/span><\/a><\/p>\n","protected":false},"author":1,"featured_media":0,"comment_status":"open","ping_status":"closed","sticky":false,"template":"","format":"standard","meta":{"footnotes":""},"categories":[4,16,24,26],"tags":[],"class_list":["post-737","post","type-post","status-publish","format-standard","hentry","category-bak","category-gladje","category-ledsamt","category-livet"],"_links":{"self":[{"href":"https:\/\/nillans.com\/index.php?rest_route=\/wp\/v2\/posts\/737","targetHints":{"allow":["GET"]}}],"collection":[{"href":"https:\/\/nillans.com\/index.php?rest_route=\/wp\/v2\/posts"}],"about":[{"href":"https:\/\/nillans.com\/index.php?rest_route=\/wp\/v2\/types\/post"}],"author":[{"embeddable":true,"href":"https:\/\/nillans.com\/index.php?rest_route=\/wp\/v2\/users\/1"}],"replies":[{"embeddable":true,"href":"https:\/\/nillans.com\/index.php?rest_route=%2Fwp%2Fv2%2Fcomments&post=737"}],"version-history":[{"count":0,"href":"https:\/\/nillans.com\/index.php?rest_route=\/wp\/v2\/posts\/737\/revisions"}],"wp:attachment":[{"href":"https:\/\/nillans.com\/index.php?rest_route=%2Fwp%2Fv2%2Fmedia&parent=737"}],"wp:term":[{"taxonomy":"category","embeddable":true,"href":"https:\/\/nillans.com\/index.php?rest_route=%2Fwp%2Fv2%2Fcategories&post=737"},{"taxonomy":"post_tag","embeddable":true,"href":"https:\/\/nillans.com\/index.php?rest_route=%2Fwp%2Fv2%2Ftags&post=737"}],"curies":[{"name":"wp","href":"https:\/\/api.w.org\/{rel}","templated":true}]}}