{"id":6158,"date":"2023-06-30T08:58:00","date_gmt":"2023-06-30T06:58:00","guid":{"rendered":"https:\/\/nillans.com\/?p=6158"},"modified":"2023-06-30T08:59:35","modified_gmt":"2023-06-30T06:59:35","slug":"fotografering-av-konfirmander","status":"publish","type":"post","link":"https:\/\/nillans.com\/?p=6158","title":{"rendered":"Fotografering av konfirmander"},"content":{"rendered":"\n<figure class=\"wp-block-image\"><img loading=\"lazy\" decoding=\"async\" width=\"824\" height=\"511\" src=\"https:\/\/nillans.com\/wp-content\/uploads\/2023\/06\/IMG_6424-824x511.jpg\" alt=\"\" class=\"wp-image-6157\" srcset=\"https:\/\/nillans.com\/wp-content\/uploads\/2023\/06\/IMG_6424-824x511.jpg 824w, https:\/\/nillans.com\/wp-content\/uploads\/2023\/06\/IMG_6424-400x248.jpg 400w, https:\/\/nillans.com\/wp-content\/uploads\/2023\/06\/IMG_6424-768x476.jpg 768w, https:\/\/nillans.com\/wp-content\/uploads\/2023\/06\/IMG_6424-1536x953.jpg 1536w, https:\/\/nillans.com\/wp-content\/uploads\/2023\/06\/IMG_6424-2048x1271.jpg 2048w\" sizes=\"auto, (max-width: 824px) 100vw, 824px\" \/><\/figure>\n\n\n\n<p>Ig\u00e5r var det genrep inf\u00f6r l\u00f6rdagens konfirmation. Ena pr\u00e4sten skulle ta foto s\u00e5 jag beh\u00f6vdes inte&#8230;tills jag fr\u00e5gade om han inte skulle vara med p\u00e5 bild &#x1f609; Jo det var nog ganska bra att jag kom.<\/p>\n\n\n\n<p>Jag gillar att ta foto i nuet, n\u00e4r de inte \u00e4r s\u00e5 medvetna om att jag \u00e4r d\u00e4r. Det blir naturligt och utan alla dessa pussmunnar, V-tecken, korsade ben och liknande. Tog n\u00e5gra smygfoto innan en s\u00e5g mig och skrek &#8221;\u00e4r du fotograf? &#8221; Tja jag har en kamera och jag fotograferar s\u00e5 det \u00e4r jag v\u00e4l men jag \u00e4r kommunikat\u00f6r i f\u00f6rsamlingen ocks\u00e5. <\/p>\n\n\n\n<p>Allt var s\u00e5 stelt, strikt och pr\u00e4sten gav ton\u00e5ringarna kommando med barsk r\u00f6st. Jag l\u00e4t honom h\u00e5llas en stund.  Han tog sina gruppfoto innan jag la mig i &#x1f609; Jag sa \u00e5t dem att blunda, t\u00e4nka p\u00e5 n\u00e5got roligt (tex resan till Berlin de nyss varit p\u00e5) och titta p\u00e5 mig n\u00e4r jag sa tre. Str\u00e5lande,  allas \u00f6gon \u00f6ppna n\u00e4r jag tryckte av. <\/p>\n\n\n\n<p>Vi bytte plats pga ljuset.  Alla var p\u00e5 sina platser och s\u00e5 h\u00f6r jag pr\u00e4sten s\u00e4ga &#8221;G\u00f6r du ditt trick?&#8221; &#x1f602; Han ins\u00e5g tydligen hur effektivt det \u00e4r. Man kan uppenbarligen l\u00e4ra gamla pr\u00e4ster\/fotografer n\u00e5got nytt.<\/p>\n\n\n\n<p>N\u00e4r alla seri\u00f6sa foto var tagna fr\u00e5gade jag om de ville ha ett goofyfoto ocks\u00e5.  Ungdomarna skrek JAA och intog poser direkt. Pr\u00e4sten tittade p\u00e5 mig och sa &#8221;Vad?&#8221;<\/p>\n\n\n\n<p>Nu hade ungarna fattat att inf\u00f6r min kamera fick man skoja. Fick n\u00e5gra som jag kommer anv\u00e4nda inf\u00f6r n\u00e4sta konfirmationskampanj.<\/p>\n\n\n\n<p>Idag har jag fruktansv\u00e4rt ont i h\u00e4nderna.  Det finns en anledning till att jag mest anv\u00e4nder mobilen numera.  Det \u00e4r tungt f\u00f6r lederna att k\u00e5nka p\u00e5 en stor systemkamera i n\u00e5gra timmar. D\u00e4rf\u00f6r blir det inte s\u00e5 ofta fast jag tycker det \u00e4r kul med s\u00e5dana h\u00e4r fototillf\u00e4llen.<\/p>\n","protected":false},"excerpt":{"rendered":"<p>Ig\u00e5r var det genrep inf\u00f6r l\u00f6rdagens konfirmation. Ena pr\u00e4sten skulle ta foto s\u00e5 jag beh\u00f6vdes inte&#8230;tills jag fr\u00e5gade om han inte skulle vara med p\u00e5 bild &#x1f609; Jo det var nog ganska bra att jag kom. Jag gillar att ta &hellip; <a href=\"https:\/\/nillans.com\/?p=6158\">Forts\u00e4tt l\u00e4sa <span class=\"meta-nav\">&rarr;<\/span><\/a><\/p>\n","protected":false},"author":1,"featured_media":0,"comment_status":"open","ping_status":"open","sticky":false,"template":"","format":"standard","meta":{"footnotes":""},"categories":[14,115,22,36,114,40],"tags":[],"class_list":["post-6158","post","type-post","status-publish","format-standard","hentry","category-for-en-god-sak","category-jobb","category-kreativt","category-ont","category-reumatism","category-sommar"],"_links":{"self":[{"href":"https:\/\/nillans.com\/index.php?rest_route=\/wp\/v2\/posts\/6158","targetHints":{"allow":["GET"]}}],"collection":[{"href":"https:\/\/nillans.com\/index.php?rest_route=\/wp\/v2\/posts"}],"about":[{"href":"https:\/\/nillans.com\/index.php?rest_route=\/wp\/v2\/types\/post"}],"author":[{"embeddable":true,"href":"https:\/\/nillans.com\/index.php?rest_route=\/wp\/v2\/users\/1"}],"replies":[{"embeddable":true,"href":"https:\/\/nillans.com\/index.php?rest_route=%2Fwp%2Fv2%2Fcomments&post=6158"}],"version-history":[{"count":1,"href":"https:\/\/nillans.com\/index.php?rest_route=\/wp\/v2\/posts\/6158\/revisions"}],"predecessor-version":[{"id":6159,"href":"https:\/\/nillans.com\/index.php?rest_route=\/wp\/v2\/posts\/6158\/revisions\/6159"}],"wp:attachment":[{"href":"https:\/\/nillans.com\/index.php?rest_route=%2Fwp%2Fv2%2Fmedia&parent=6158"}],"wp:term":[{"taxonomy":"category","embeddable":true,"href":"https:\/\/nillans.com\/index.php?rest_route=%2Fwp%2Fv2%2Fcategories&post=6158"},{"taxonomy":"post_tag","embeddable":true,"href":"https:\/\/nillans.com\/index.php?rest_route=%2Fwp%2Fv2%2Ftags&post=6158"}],"curies":[{"name":"wp","href":"https:\/\/api.w.org\/{rel}","templated":true}]}}