{"id":613,"date":"2011-07-15T22:26:31","date_gmt":"2011-07-15T21:26:31","guid":{"rendered":"http:\/\/nillans.com\/?p=613"},"modified":"2011-07-15T22:26:31","modified_gmt":"2011-07-15T21:26:31","slug":"karlskrona-for-en-dag","status":"publish","type":"post","link":"https:\/\/nillans.com\/?p=613","title":{"rendered":"Karlskrona f\u00f6r en dag"},"content":{"rendered":"<p>Idag h\u00e4mtade vi upp Fj\u00e4rilen och k\u00f6rde till Karlskrona. M\u00e5let f\u00f6r dagen var Marinmuseet och att h\u00e4lsa p\u00e5 fam Mattisson\/Nihl\u00e9n p\u00e5 Sk\u00f6nstaviks camping.<\/p>\n<p><a href=\"http:\/\/nillans.com\/wp-content\/uploads\/2011\/07\/2011-07-15-13-11-31-164.jpeg\"><img loading=\"lazy\" decoding=\"async\" class=\"alignnone size-full wp-image-618\" title=\"V\u00e4lkommen till marinmuseet!\" src=\"http:\/\/nillans.com\/wp-content\/uploads\/2011\/07\/2011-07-15-13-11-31-164.jpeg\" alt=\"\" width=\"1550\" height=\"1240\" \/><br \/>\n<\/a>Uppt\u00e4ckte f\u00f6r sent att den stora kameran stod kvar HEMMA. S\u00e5\u00e5 typiskt mig! Men den b\u00e4sta kameran \u00e4r den man har med sig&#8230;tur jag har min mobil \u00e4ven om den inte ger n\u00e5gra h\u00f6jdarfoto s\u00e5 kan de ber\u00e4tta om en dag i Karlskrona till exempel.<a href=\"http:\/\/nillans.com\/wp-content\/uploads\/2011\/07\/2011-07-15-13-37-15-645.jpeg\"><img loading=\"lazy\" decoding=\"async\" class=\"alignnone size-full wp-image-619\" title=\"Gallionsfigurerna\" src=\"http:\/\/nillans.com\/wp-content\/uploads\/2011\/07\/2011-07-15-13-37-15-645.jpeg\" alt=\"Svindel!\" width=\"1550\" height=\"1240\" \/><\/a>H\u00e4r fick jag VANSINNIG svindel! Anders och Maja st\u00e5r d\u00e4r nere redan och jag hade stora bekymmer att ta mig ner f\u00f6r trappan utan att spy. J\u00f6sses!<br \/>\n<a href=\"http:\/\/nillans.com\/wp-content\/uploads\/2011\/07\/2011-07-15-14-03-18-386.jpeg\"><img loading=\"lazy\" decoding=\"async\" class=\"alignnone size-full wp-image-622\" title=\"Gustaf Adolf\" src=\"http:\/\/nillans.com\/wp-content\/uploads\/2011\/07\/2011-07-15-14-03-18-386.jpeg\" alt=\"\" width=\"1224\" height=\"1224\" \/><\/a><\/p>\n<p>Om jag imponeras av modellbyggarnas t\u00e5lamod med sn\u00f6re s\u00e5 vet jag inte vad jag ska s\u00e4ga om de som byggde de riktiga fartygen! Isch f\u00f6r att f\u00e5 en knut p\u00e5 en tr\u00e5d eller \u00e4n v\u00e4rre, de trasslar ihop sig med varandra!<\/p>\n<p><a href=\"http:\/\/nillans.com\/wp-content\/uploads\/2011\/07\/2011-07-15-13-41-51-542.jpeg\"><img loading=\"lazy\" decoding=\"async\" class=\"alignnone size-full wp-image-630\" title=\"Medicinsk\u00e5p\" src=\"http:\/\/nillans.com\/wp-content\/uploads\/2011\/07\/2011-07-15-13-41-51-542.jpeg\" alt=\"\" width=\"1240\" height=\"1550\" \/><\/a><\/p>\n<p>Jag \u00e4r ju ganska glad \u00e5t att jag inte levde p\u00e5 den tiden! Salt och fl\u00e4derblommor som mediciner&#8230; Bladguld mot huvudv\u00e4rk, hmmm, ja det kanske funkar? \u00d6verst till v\u00e4nster h\u00e4nger ett verktyg som anv\u00e4ndes f\u00f6r operation och ingrepp i mun och svalg. *glurp*<\/p>\n<p><a href=\"http:\/\/nillans.com\/wp-content\/uploads\/2011\/07\/2011-07-15-14-17-52-587.jpeg\"><img loading=\"lazy\" decoding=\"async\" class=\"alignnone size-full wp-image-623\" title=\"Minsveparen Brem\u00f6n\" src=\"http:\/\/nillans.com\/wp-content\/uploads\/2011\/07\/2011-07-15-14-17-52-587.jpeg\" alt=\"\" width=\"1224\" height=\"1224\" \/><\/a><\/p>\n<p>Minsveparen Brem\u00f6n fick Anders och Maja sj\u00e4lva bes\u00f6ka. Jag hade f\u00e5tt nog av yrsel och illam\u00e5ende f\u00f6r en dag.<\/p>\n<p><a href=\"http:\/\/nillans.com\/wp-content\/uploads\/2011\/07\/2011-07-15-17-04-12-159.jpg.jpeg\"><img loading=\"lazy\" decoding=\"async\" class=\"alignnone size-full wp-image-625\" title=\"Ek\" src=\"http:\/\/nillans.com\/wp-content\/uploads\/2011\/07\/2011-07-15-17-04-12-159.jpg.jpeg\" alt=\"\" width=\"1224\" height=\"1224\" \/><\/a><\/p>\n<p><a href=\"http:\/\/nillans.com\/wp-content\/uploads\/2011\/07\/2011-07-15-17-05-57-848.jpg.jpeg\"><img loading=\"lazy\" decoding=\"async\" class=\"alignnone size-full wp-image-626\" title=\"Strandkant, Sk\u00f6nstavik\" src=\"http:\/\/nillans.com\/wp-content\/uploads\/2011\/07\/2011-07-15-17-05-57-848.jpg.jpeg\" alt=\"\" width=\"1224\" height=\"1224\" \/><\/a><\/p>\n<p><a href=\"http:\/\/nillans.com\/wp-content\/uploads\/2011\/07\/2011-07-15-22-06-18-947.jpg.jpeg\"><img loading=\"lazy\" decoding=\"async\" class=\"alignnone size-full wp-image-627\" title=\"fox\" src=\"http:\/\/nillans.com\/wp-content\/uploads\/2011\/07\/2011-07-15-22-06-18-947.jpg.jpeg\" alt=\"\" width=\"1224\" height=\"1224\" \/><\/a><\/p>\n<p>N\u00e4r vi l\u00e4mnat av Maja och ganska tr\u00f6tta fortsatte v\u00e5r v\u00e4g hem var det lite fr\u00e5gan om vi s\u00e5g i syne. Katt, sa Anders &#8211; r\u00e4v, sa jag. Jag hade r\u00e4tt. Det var inte det l\u00e4ttaste att stanna bilen p\u00e5 lagom avst\u00e5nd, f\u00e5 upp luren, s\u00e4tta ig\u00e5ng appen och fota innan h*n g\u00f6mt sig i majsen. Men den l\u00e5g bara d\u00e4r som en liten hund och tittade p\u00e5 oss. N\u00e4r jag f\u00f6rs\u00f6kte komma n\u00e4rmare gick det inte &#8211; h*n stack in i majsen och g\u00f6mde sig.<\/p>\n<p>Tack Emma och Ante, mor och far f\u00f6r en go kv\u00e4llsmat. Vincent ville inte krama moster idag men Alfred skallade mig desto mer ;)<br \/>\nMaja, min s\u00f6ta Fj\u00e4ril, tack f\u00f6r att du f\u00f6ljde med. H\u00e5ller med dig om att det var en aning tr\u00e5kigt p\u00e5 museet &#8211; skulle varit lite mer &#8221;prova-p\u00e5&#8221;-saker, s\u00e5dant som g\u00f6r det lite extra kul.<\/p>\n<p>&nbsp;<\/p>\n","protected":false},"excerpt":{"rendered":"<p>Idag h\u00e4mtade vi upp Fj\u00e4rilen och k\u00f6rde till Karlskrona. M\u00e5let f\u00f6r dagen var Marinmuseet och att h\u00e4lsa p\u00e5 fam Mattisson\/Nihl\u00e9n p\u00e5 Sk\u00f6nstaviks camping. Uppt\u00e4ckte f\u00f6r sent att den stora kameran stod kvar HEMMA. S\u00e5\u00e5 typiskt mig! Men den b\u00e4sta kameran &hellip; <a href=\"https:\/\/nillans.com\/?p=613\">Forts\u00e4tt l\u00e4sa <span class=\"meta-nav\">&rarr;<\/span><\/a><\/p>\n","protected":false},"author":1,"featured_media":0,"comment_status":"open","ping_status":"closed","sticky":false,"template":"","format":"standard","meta":{"footnotes":""},"categories":[11,16,26,34,1],"tags":[],"class_list":["post-613","post","type-post","status-publish","format-standard","hentry","category-djur","category-gladje","category-livet","category-natur","category-okategoriserade"],"_links":{"self":[{"href":"https:\/\/nillans.com\/index.php?rest_route=\/wp\/v2\/posts\/613","targetHints":{"allow":["GET"]}}],"collection":[{"href":"https:\/\/nillans.com\/index.php?rest_route=\/wp\/v2\/posts"}],"about":[{"href":"https:\/\/nillans.com\/index.php?rest_route=\/wp\/v2\/types\/post"}],"author":[{"embeddable":true,"href":"https:\/\/nillans.com\/index.php?rest_route=\/wp\/v2\/users\/1"}],"replies":[{"embeddable":true,"href":"https:\/\/nillans.com\/index.php?rest_route=%2Fwp%2Fv2%2Fcomments&post=613"}],"version-history":[{"count":0,"href":"https:\/\/nillans.com\/index.php?rest_route=\/wp\/v2\/posts\/613\/revisions"}],"wp:attachment":[{"href":"https:\/\/nillans.com\/index.php?rest_route=%2Fwp%2Fv2%2Fmedia&parent=613"}],"wp:term":[{"taxonomy":"category","embeddable":true,"href":"https:\/\/nillans.com\/index.php?rest_route=%2Fwp%2Fv2%2Fcategories&post=613"},{"taxonomy":"post_tag","embeddable":true,"href":"https:\/\/nillans.com\/index.php?rest_route=%2Fwp%2Fv2%2Ftags&post=613"}],"curies":[{"name":"wp","href":"https:\/\/api.w.org\/{rel}","templated":true}]}}