{"id":6029,"date":"2020-06-28T12:31:21","date_gmt":"2020-06-28T10:31:21","guid":{"rendered":"https:\/\/nillans.com\/?p=6029"},"modified":"2020-06-28T12:32:49","modified_gmt":"2020-06-28T10:32:49","slug":"tecken-pa-regn","status":"publish","type":"post","link":"https:\/\/nillans.com\/?p=6029","title":{"rendered":"Tecken p\u00e5 regn?"},"content":{"rendered":"\n<figure class=\"wp-block-image\"><img loading=\"lazy\" decoding=\"async\" width=\"1000\" height=\"975\" src=\"https:\/\/nillans.com\/wp-content\/uploads\/2020\/06\/wp-15933399425558211033407924687315.jpg\" alt=\"\" class=\"wp-image-6028\" srcset=\"https:\/\/nillans.com\/wp-content\/uploads\/2020\/06\/wp-15933399425558211033407924687315.jpg 1000w, https:\/\/nillans.com\/wp-content\/uploads\/2020\/06\/wp-15933399425558211033407924687315-400x390.jpg 400w, https:\/\/nillans.com\/wp-content\/uploads\/2020\/06\/wp-15933399425558211033407924687315-824x803.jpg 824w, https:\/\/nillans.com\/wp-content\/uploads\/2020\/06\/wp-15933399425558211033407924687315-768x749.jpg 768w\" sizes=\"auto, (max-width: 1000px) 100vw, 1000px\" \/><\/figure>\n\n\n\n<p>Passade p\u00e5 att klippa gr\u00e4set n\u00e4r solen f\u00f6r f\u00f6rsta g\u00e5ngen p\u00e5 veckor inte l\u00f6s som en svetsl\u00e5ga. Torrt och l\u00e4tt men AJ! Det sved till rej\u00e4lt strax s\u00f6der om kn\u00e4vecket. D\u00e4r satt illvillig, gr\u00e5svart, l\u00e5ngsmal blinneknagge&#8217; och lekte vampyr &#x1f621; <\/p>\n\n\n\n<p>Hon \u00e4r numera borttagen fr\u00e5n reproduktionsledet. Men jag som inte t\u00e5l insektsgift fick avbryta klippningen. In och dr\u00e4nka Aloe Vera p\u00e5 ett pl\u00e5ster och s\u00e4tta \u00f6ver den illr\u00f6da bulan. Hittade en bild som liknade henne och d\u00e4r stod &#8221;regnbroms&#8221;. S\u00e5 jag lider med sm\u00e4rtan, kl\u00e5dan, obehaget och hoppas att hennes namn inneb\u00e4r att det ska regna &#x1f601;<\/p>\n","protected":false},"excerpt":{"rendered":"<p>Passade p\u00e5 att klippa gr\u00e4set n\u00e4r solen f\u00f6r f\u00f6rsta g\u00e5ngen p\u00e5 veckor inte l\u00f6s som en svetsl\u00e5ga. Torrt och l\u00e4tt men AJ! Det sved till rej\u00e4lt strax s\u00f6der om kn\u00e4vecket. D\u00e4r satt illvillig, gr\u00e5svart, l\u00e5ngsmal blinneknagge&#8217; och lekte vampyr &#x1f621; &hellip; <a href=\"https:\/\/nillans.com\/?p=6029\">Forts\u00e4tt l\u00e4sa <span class=\"meta-nav\">&rarr;<\/span><\/a><\/p>\n","protected":false},"author":1,"featured_media":0,"comment_status":"open","ping_status":"open","sticky":false,"template":"","format":"standard","meta":{"footnotes":""},"categories":[136,11,31,34,36,40],"tags":[],"class_list":["post-6029","post","type-post","status-publish","format-standard","hentry","category-allergi","category-djur","category-motvalls","category-natur","category-ont","category-sommar"],"_links":{"self":[{"href":"https:\/\/nillans.com\/index.php?rest_route=\/wp\/v2\/posts\/6029","targetHints":{"allow":["GET"]}}],"collection":[{"href":"https:\/\/nillans.com\/index.php?rest_route=\/wp\/v2\/posts"}],"about":[{"href":"https:\/\/nillans.com\/index.php?rest_route=\/wp\/v2\/types\/post"}],"author":[{"embeddable":true,"href":"https:\/\/nillans.com\/index.php?rest_route=\/wp\/v2\/users\/1"}],"replies":[{"embeddable":true,"href":"https:\/\/nillans.com\/index.php?rest_route=%2Fwp%2Fv2%2Fcomments&post=6029"}],"version-history":[{"count":1,"href":"https:\/\/nillans.com\/index.php?rest_route=\/wp\/v2\/posts\/6029\/revisions"}],"predecessor-version":[{"id":6030,"href":"https:\/\/nillans.com\/index.php?rest_route=\/wp\/v2\/posts\/6029\/revisions\/6030"}],"wp:attachment":[{"href":"https:\/\/nillans.com\/index.php?rest_route=%2Fwp%2Fv2%2Fmedia&parent=6029"}],"wp:term":[{"taxonomy":"category","embeddable":true,"href":"https:\/\/nillans.com\/index.php?rest_route=%2Fwp%2Fv2%2Fcategories&post=6029"},{"taxonomy":"post_tag","embeddable":true,"href":"https:\/\/nillans.com\/index.php?rest_route=%2Fwp%2Fv2%2Ftags&post=6029"}],"curies":[{"name":"wp","href":"https:\/\/api.w.org\/{rel}","templated":true}]}}