{"id":5950,"date":"2019-12-21T18:29:58","date_gmt":"2019-12-21T17:29:58","guid":{"rendered":"http:\/\/nillans.com\/?p=5950"},"modified":"2019-12-21T18:34:29","modified_gmt":"2019-12-21T17:34:29","slug":"julmusik-fran-1985","status":"publish","type":"post","link":"https:\/\/nillans.com\/?p=5950","title":{"rendered":"Julmusik fr\u00e5n 1985"},"content":{"rendered":"\n<p>Direkt fr\u00e5n grundskolan b\u00f6rjade jag p\u00e5 musiklinjen p\u00e5 Glim\u00e5kra Folkh\u00f6gskola. Ungdomsfolkh\u00f6gskolan var f\u00f6rlagd till \u00c5hus d\u00e4r vi lekte av oss i 2 \u00e5r. Till jullovets avslutning hade vi komponerat 7 l\u00e5tar som framf\u00f6rdes f\u00f6r f\u00f6r\u00e4ldrarna. Radio Kristianstad spelade dessutom v\u00e5ra l\u00e5tar ocks\u00e5 :) <\/p>\n\n\n\n<p>I familjen \u00e4r det tradition att kassetten med l\u00e5tarna SKA spelas minst en g\u00e5ng under julen. Kassetter h\u00e5ller inte i all o\u00e4ndlighet s\u00e5 f\u00f6r n\u00e5gra \u00e5r sedan \u00f6verf\u00f6rde jag den till mp3-or f\u00f6r s\u00e4kerhets skull.<\/p>\n\n\n\n<p>Traditionell jul var min grupps l\u00e5t. Texten bygger v\u00e4ldigt mycket p\u00e5 min barndoms jular. Det \u00e4r jag och Bettie som sjunger :)<\/p>\n\n\n\n<figure class=\"wp-block-audio\"><audio controls src=\"http:\/\/nillans.com\/wp-content\/uploads\/2019\/12\/traditionell_jul.mp3\"><\/audio><figcaption>&#8221;Traditionell Jul&#8221; fr\u00e5n Jull\u00e5tar av UF\u00c5-85\/Classe, Bettie, Nillan, Str\u00f6m, Ture, Attila, Linus. Sl\u00e4ppt: 1985. Sp\u00e5r 3. <\/figcaption><\/figure>\n\n\n\n<figure class=\"wp-block-audio\"><audio controls src=\"http:\/\/nillans.com\/wp-content\/uploads\/2019\/12\/do_they_know.mp3\"><\/audio><figcaption>&#8221;Do they know&#8221; fr\u00e5n Jull\u00e5tar av UF\u00c5-85\/Micke, Anders, Bambi. Sl\u00e4ppt: 1985. Sp\u00e5r 6.<\/figcaption><\/figure>\n\n\n\n<figure class=\"wp-block-audio\"><audio controls src=\"http:\/\/nillans.com\/wp-content\/uploads\/2019\/12\/christmas_eve.mp3\"><\/audio><figcaption>&#8221;Christmas eve&#8221; fr\u00e5n Jull\u00e5tar av UF\u00c5-85; Fimpen, Danni, M\u00e5nsson. Sl\u00e4ppt: 1985. Sp\u00e5r 7. <\/figcaption><\/figure>\n\n\n\n<figure class=\"wp-block-audio\"><audio controls src=\"http:\/\/nillans.com\/wp-content\/uploads\/2019\/12\/christmas_time.mp3\"><\/audio><figcaption>&#8221;Christmas time&#8221; fr\u00e5n Jull\u00e5tar av UF\u00c5-85. Sl\u00e4ppt: 1985. Sp\u00e5r 1. <\/figcaption><\/figure>\n\n\n\n<figure class=\"wp-block-audio\"><audio controls src=\"http:\/\/nillans.com\/wp-content\/uploads\/2019\/12\/julen_ar_har.mp3\"><\/audio><figcaption>&#8221;Julen \u00e4r h\u00e4r&#8221; fr\u00e5n Jull\u00e5tar av UF\u00c5-85. Sl\u00e4ppt: 1985. Sp\u00e5r 5.<\/figcaption><\/figure>\n\n\n\n<figure class=\"wp-block-audio\"><audio controls src=\"http:\/\/nillans.com\/wp-content\/uploads\/2019\/12\/Kul-jul.mp3\"><\/audio><figcaption>&#8221;Kul jul&#8221; fr\u00e5n Jull\u00e5tar av UF\u00c5-85\/Peter K, Arva, Henke, Lasse, Anna. Sl\u00e4ppt: 1985. Sp\u00e5r 2.<\/figcaption><\/figure>\n\n\n\n<figure class=\"wp-block-audio\"><audio controls src=\"http:\/\/nillans.com\/wp-content\/uploads\/2019\/12\/julskinka.mp3\"><\/audio><figcaption>&#8221;Julskinka&#8221; fr\u00e5n Jull\u00e5tar av UF\u00c5-85\/Sander, Peter D, Tina, Bosse. Sl\u00e4ppt: 1985. Sp\u00e5r 4. <\/figcaption><\/figure>\n\n\n\n<figure class=\"wp-block-image\"><img loading=\"lazy\" decoding=\"async\" width=\"824\" height=\"262\" src=\"http:\/\/nillans.com\/wp-content\/uploads\/2015\/12\/HeaderChristmas1-824x262.png\" alt=\"\" class=\"wp-image-5376\" srcset=\"https:\/\/nillans.com\/wp-content\/uploads\/2015\/12\/HeaderChristmas1-824x262.png 824w, https:\/\/nillans.com\/wp-content\/uploads\/2015\/12\/HeaderChristmas1-300x95.png 300w, https:\/\/nillans.com\/wp-content\/uploads\/2015\/12\/HeaderChristmas1.png 1102w\" sizes=\"auto, (max-width: 824px) 100vw, 824px\" \/><\/figure>\n","protected":false},"excerpt":{"rendered":"<p>Direkt fr\u00e5n grundskolan b\u00f6rjade jag p\u00e5 musiklinjen p\u00e5 Glim\u00e5kra Folkh\u00f6gskola. Ungdomsfolkh\u00f6gskolan var f\u00f6rlagd till \u00c5hus d\u00e4r vi lekte av oss i 2 \u00e5r. Till jullovets avslutning hade vi komponerat 7 l\u00e5tar som framf\u00f6rdes f\u00f6r f\u00f6r\u00e4ldrarna. Radio Kristianstad spelade dessutom v\u00e5ra &hellip; <a href=\"https:\/\/nillans.com\/?p=5950\">Forts\u00e4tt l\u00e4sa <span class=\"meta-nav\">&rarr;<\/span><\/a><\/p>\n","protected":false},"author":1,"featured_media":5376,"comment_status":"open","ping_status":"open","sticky":false,"template":"","format":"standard","meta":{"footnotes":""},"categories":[20,22,29,32,1],"tags":[],"class_list":["post-5950","post","type-post","status-publish","format-standard","has-post-thumbnail","hentry","category-jul","category-kreativt","category-minnen","category-musik","category-okategoriserade"],"_links":{"self":[{"href":"https:\/\/nillans.com\/index.php?rest_route=\/wp\/v2\/posts\/5950","targetHints":{"allow":["GET"]}}],"collection":[{"href":"https:\/\/nillans.com\/index.php?rest_route=\/wp\/v2\/posts"}],"about":[{"href":"https:\/\/nillans.com\/index.php?rest_route=\/wp\/v2\/types\/post"}],"author":[{"embeddable":true,"href":"https:\/\/nillans.com\/index.php?rest_route=\/wp\/v2\/users\/1"}],"replies":[{"embeddable":true,"href":"https:\/\/nillans.com\/index.php?rest_route=%2Fwp%2Fv2%2Fcomments&post=5950"}],"version-history":[{"count":3,"href":"https:\/\/nillans.com\/index.php?rest_route=\/wp\/v2\/posts\/5950\/revisions"}],"predecessor-version":[{"id":5954,"href":"https:\/\/nillans.com\/index.php?rest_route=\/wp\/v2\/posts\/5950\/revisions\/5954"}],"wp:featuredmedia":[{"embeddable":true,"href":"https:\/\/nillans.com\/index.php?rest_route=\/wp\/v2\/media\/5376"}],"wp:attachment":[{"href":"https:\/\/nillans.com\/index.php?rest_route=%2Fwp%2Fv2%2Fmedia&parent=5950"}],"wp:term":[{"taxonomy":"category","embeddable":true,"href":"https:\/\/nillans.com\/index.php?rest_route=%2Fwp%2Fv2%2Fcategories&post=5950"},{"taxonomy":"post_tag","embeddable":true,"href":"https:\/\/nillans.com\/index.php?rest_route=%2Fwp%2Fv2%2Ftags&post=5950"}],"curies":[{"name":"wp","href":"https:\/\/api.w.org\/{rel}","templated":true}]}}