{"id":5797,"date":"2017-10-11T13:10:56","date_gmt":"2017-10-11T11:10:56","guid":{"rendered":"http:\/\/nillans.com\/?p=5797"},"modified":"2017-10-11T08:24:04","modified_gmt":"2017-10-11T06:24:04","slug":"tungt-beslut","status":"publish","type":"post","link":"https:\/\/nillans.com\/?p=5797","title":{"rendered":"Tungt beslut"},"content":{"rendered":"<p>Den dagen man skaffar ett djur vet man att den dagen kommer d\u00e5 man m\u00e5ste ta beslutet att l\u00e5ta det g\u00e5 \u00f6ver regnb\u00e5gsbron. En f\u00f6rm\u00e5n m\u00e4nniskan inte har\u2026 \u00c4nd\u00e5 g\u00f6r det ont.<\/p>\n<p>Ludde var gammal och hade sista tiden sv\u00e5rt att g\u00e5. Veterin\u00e4ren hade nyttjat de l\u00e4kemedel som brukar anv\u00e4ndas och n\u00e4r lederna till slut gjorde det sv\u00e5rt att g\u00e5 sa vi adj\u00f6. N\u00e4stan 14 \u00e5r fick vi busa med honom.<\/p>\n<p>Truls, min \u00e4lskade cementsugga, fightades med kvargl\u00f6mda sommarkatter och fick en sv\u00e5r infektion som ledde till en leversjukdom. Behandlingen skulle bli oerh\u00f6rt jobbig f\u00f6r honom. \u00c4ven h\u00e4r har djuren f\u00f6rm\u00e5nen att g\u00e5 \u00f6ver bron ist\u00e4llet f\u00f6r att lida. Han blev 7 \u00e5r och jag saknar honom enormt!<\/p>\n<p>Idag \u00e4r det dags f\u00f6r Ruffe att joina sina br\u00f6der Ludde och Truls. Han \u00e4r gammal och dement. Gl\u00f6mmer att han \u00e4tit, kissar p\u00e5 sig, tappar p\u00e4ls och \u00e4r tr\u00f6tt.<\/p>\n<p>Det g\u00f6r ont! Sk\u00f6terskan p\u00e5 kliniken s\u00e4ger att det \u00e4r ju h\u00f6gsta beviset p\u00e5 att ett djur \u00e4r \u00e4lskat.<\/p>\n<p>\u00c4lskade Ruffe &#8211; jag v\u00e4ntar ivrigt p\u00e5 att f\u00e5 se en regnb\u00e5ge. D\u00e5 har ni tid i er lek att titta ner till mig och husse en stund <img decoding=\"async\" src=\"http:\/\/nillans.com\/wp-content\/plugins\/wp-emoji\/emoji\/e022.png\" class=\"wp-emoji\" \/><\/p>\n","protected":false},"excerpt":{"rendered":"<p>Den dagen man skaffar ett djur vet man att den dagen kommer d\u00e5 man m\u00e5ste ta beslutet att l\u00e5ta det g\u00e5 \u00f6ver regnb\u00e5gsbron. En f\u00f6rm\u00e5n m\u00e4nniskan inte har\u2026 \u00c4nd\u00e5 g\u00f6r det ont. Ludde var gammal och hade sista tiden sv\u00e5rt &hellip; <a href=\"https:\/\/nillans.com\/?p=5797\">Forts\u00e4tt l\u00e4sa <span class=\"meta-nav\">&rarr;<\/span><\/a><\/p>\n","protected":false},"author":1,"featured_media":0,"comment_status":"open","ping_status":"open","sticky":false,"template":"","format":"standard","meta":{"footnotes":""},"categories":[11,24,26],"tags":[],"class_list":["post-5797","post","type-post","status-publish","format-standard","hentry","category-djur","category-ledsamt","category-livet"],"_links":{"self":[{"href":"https:\/\/nillans.com\/index.php?rest_route=\/wp\/v2\/posts\/5797","targetHints":{"allow":["GET"]}}],"collection":[{"href":"https:\/\/nillans.com\/index.php?rest_route=\/wp\/v2\/posts"}],"about":[{"href":"https:\/\/nillans.com\/index.php?rest_route=\/wp\/v2\/types\/post"}],"author":[{"embeddable":true,"href":"https:\/\/nillans.com\/index.php?rest_route=\/wp\/v2\/users\/1"}],"replies":[{"embeddable":true,"href":"https:\/\/nillans.com\/index.php?rest_route=%2Fwp%2Fv2%2Fcomments&post=5797"}],"version-history":[{"count":1,"href":"https:\/\/nillans.com\/index.php?rest_route=\/wp\/v2\/posts\/5797\/revisions"}],"predecessor-version":[{"id":5798,"href":"https:\/\/nillans.com\/index.php?rest_route=\/wp\/v2\/posts\/5797\/revisions\/5798"}],"wp:attachment":[{"href":"https:\/\/nillans.com\/index.php?rest_route=%2Fwp%2Fv2%2Fmedia&parent=5797"}],"wp:term":[{"taxonomy":"category","embeddable":true,"href":"https:\/\/nillans.com\/index.php?rest_route=%2Fwp%2Fv2%2Fcategories&post=5797"},{"taxonomy":"post_tag","embeddable":true,"href":"https:\/\/nillans.com\/index.php?rest_route=%2Fwp%2Fv2%2Ftags&post=5797"}],"curies":[{"name":"wp","href":"https:\/\/api.w.org\/{rel}","templated":true}]}}