{"id":5794,"date":"2017-08-05T00:10:05","date_gmt":"2017-08-04T22:10:05","guid":{"rendered":"http:\/\/nillans.com\/?p=5794"},"modified":"2017-08-05T00:10:05","modified_gmt":"2017-08-04T22:10:05","slug":"nu-ar-det-mitt-rum","status":"publish","type":"post","link":"https:\/\/nillans.com\/?p=5794","title":{"rendered":"Nu \u00e4r det MITT rum!"},"content":{"rendered":"<p><img loading=\"lazy\" decoding=\"async\" class=\"alignnone size-large wp-image-5791\" src=\"http:\/\/nillans.com\/wp-content\/uploads\/2017\/08\/wp-image-1446338185-618x824.jpg\" alt=\"\" width=\"618\" height=\"824\" srcset=\"https:\/\/nillans.com\/wp-content\/uploads\/2017\/08\/wp-image-1446338185-618x824.jpg 618w, https:\/\/nillans.com\/wp-content\/uploads\/2017\/08\/wp-image-1446338185-225x300.jpg 225w, https:\/\/nillans.com\/wp-content\/uploads\/2017\/08\/wp-image-1446338185.jpg 756w\" sizes=\"auto, (max-width: 618px) 100vw, 618px\" \/><\/p>\n<p>Lilla rummet var g\u00e4strum fram till lille Prinsungen kom, sen var det hans. Sen tog Solungen \u00f6ver och d\u00e4refter jourrum f\u00f6r att sen bara samla tv\u00e4tt. Idag \u00e5tertog jag rummet &#8211; som mitt. &#x1f60e;<\/p>\n<p>Jag klipper m\u00f6nster och tyg p\u00e5 k\u00f6ksbordet, syr i sovrummet och stryker\/pressar i lilla rummet. St\u00f6rigt! Det stora fina sybord jag fick av mor f\u00f6r sis\u00e5d\u00e4r 20 \u00e5r sedan som stod p\u00e5 ovanv\u00e5ningen fram till att Fj\u00e4rilen kom.<br \/>\nD\u00e5 packades det ihop p\u00e5 obest\u00e4md tid. Idag var den obest\u00e4mda tiden slut och det har med stort besv\u00e4r k\u00e5nkats ner f\u00f6r trappan. Nu ska det upp hyllor till garn och tyg p\u00e5 v\u00e4ggen, symaskinerna ska flytta och en rej\u00e4l byr\u00e5 alt k\u00f6pmansdisk ska in i sovrummet.&#x1f601;<\/p>\n<p>Sa jag att jag beh\u00f6ver semester efter semestern?&#x1f602;<\/p>\n","protected":false},"excerpt":{"rendered":"<p>Lilla rummet var g\u00e4strum fram till lille Prinsungen kom, sen var det hans. Sen tog Solungen \u00f6ver och d\u00e4refter jourrum f\u00f6r att sen bara samla tv\u00e4tt. Idag \u00e5tertog jag rummet &#8211; som mitt. &#x1f60e; Jag klipper m\u00f6nster och tyg p\u00e5 &hellip; <a href=\"https:\/\/nillans.com\/?p=5794\">Forts\u00e4tt l\u00e4sa <span class=\"meta-nav\">&rarr;<\/span><\/a><\/p>\n","protected":false},"author":1,"featured_media":0,"comment_status":"open","ping_status":"open","sticky":false,"template":"","format":"standard","meta":{"footnotes":""},"categories":[12,14],"tags":[],"class_list":["post-5794","post","type-post","status-publish","format-standard","hentry","category-envis","category-for-en-god-sak"],"_links":{"self":[{"href":"https:\/\/nillans.com\/index.php?rest_route=\/wp\/v2\/posts\/5794","targetHints":{"allow":["GET"]}}],"collection":[{"href":"https:\/\/nillans.com\/index.php?rest_route=\/wp\/v2\/posts"}],"about":[{"href":"https:\/\/nillans.com\/index.php?rest_route=\/wp\/v2\/types\/post"}],"author":[{"embeddable":true,"href":"https:\/\/nillans.com\/index.php?rest_route=\/wp\/v2\/users\/1"}],"replies":[{"embeddable":true,"href":"https:\/\/nillans.com\/index.php?rest_route=%2Fwp%2Fv2%2Fcomments&post=5794"}],"version-history":[{"count":2,"href":"https:\/\/nillans.com\/index.php?rest_route=\/wp\/v2\/posts\/5794\/revisions"}],"predecessor-version":[{"id":5796,"href":"https:\/\/nillans.com\/index.php?rest_route=\/wp\/v2\/posts\/5794\/revisions\/5796"}],"wp:attachment":[{"href":"https:\/\/nillans.com\/index.php?rest_route=%2Fwp%2Fv2%2Fmedia&parent=5794"}],"wp:term":[{"taxonomy":"category","embeddable":true,"href":"https:\/\/nillans.com\/index.php?rest_route=%2Fwp%2Fv2%2Fcategories&post=5794"},{"taxonomy":"post_tag","embeddable":true,"href":"https:\/\/nillans.com\/index.php?rest_route=%2Fwp%2Fv2%2Ftags&post=5794"}],"curies":[{"name":"wp","href":"https:\/\/api.w.org\/{rel}","templated":true}]}}