{"id":5521,"date":"2016-05-21T22:15:28","date_gmt":"2016-05-21T20:15:28","guid":{"rendered":"http:\/\/nillans.com\/?p=5521"},"modified":"2016-05-21T22:15:28","modified_gmt":"2016-05-21T20:15:28","slug":"en-dag-med-canon-och-en-massa-folk","status":"publish","type":"post","link":"https:\/\/nillans.com\/?p=5521","title":{"rendered":"En dag med Canon och en massa folk"},"content":{"rendered":"<p>Idag har det varit Fj\u00e4lkingedagen. F\u00f6r (tror jag) tredje \u00e5ret anordnar man en marknadsdag i byn. Jag hade sytt en dopkl\u00e4nning till jobbet eftersom de tv\u00e5 som fanns att l\u00e5na har f\u00e5tt f\u00f6tter och inte hittat hem igen. Trots att den inte blev anv\u00e4nd var det kul att f\u00e5 s\u00e5 m\u00e5nga positiva yttringar om den b\u00e5de irl och p\u00e5 sociala medier. :)<\/p>\n<p>Vid 11.30 skulle en magiker upptr\u00e4da p\u00e5 scenen. Kollegan N som h\u00e5ller p\u00e5 med trollerier n\u00e4r han hinner och f\u00e5r m\u00f6jlighet skulle dit och titta. S\u00e5 jag hakade p\u00e5&#8230;s\u00e5 klart! Det var mest barn i publiken p\u00e5 gr\u00e4set och magikern fick k\u00e4mpa f\u00f6r att f\u00e5 appl\u00e5der fr\u00e5n skaran med stora \u00f6gon och \u00f6ppna munnar.<\/p>\n<p><a href=\"http:\/\/nillans.com\/wp-content\/uploads\/2016\/05\/an_MG_0548.jpg\"><img loading=\"lazy\" decoding=\"async\" class=\"alignnone size-large wp-image-5522\" src=\"http:\/\/nillans.com\/wp-content\/uploads\/2016\/05\/an_MG_0548-594x824.jpg\" alt=\"an_MG_0548\" width=\"594\" height=\"824\" srcset=\"https:\/\/nillans.com\/wp-content\/uploads\/2016\/05\/an_MG_0548-594x824.jpg 594w, https:\/\/nillans.com\/wp-content\/uploads\/2016\/05\/an_MG_0548-216x300.jpg 216w, https:\/\/nillans.com\/wp-content\/uploads\/2016\/05\/an_MG_0548.jpg 800w\" sizes=\"auto, (max-width: 594px) 100vw, 594px\" \/><\/a><\/p>\n<p>Den jobbiga r\u00f6da bollen som inte blir d\u00e4r han l\u00e4gger den. Efter ett par varv och tydliga visningar fr\u00e5gar han barnen i vilken hand den finns. En lycklig gosse \u00e4r tv\u00e4rs\u00e4ker p\u00e5 att den \u00e4r i den hand han pekar p\u00e5. Men se s\u00e5 fel han hade &#8211; det var en r\u00f6d kub. <em>(Det var minst lika kul att titta p\u00e5 barnen som p\u00e5 scenen!)<\/em><\/p>\n<p><a href=\"http:\/\/nillans.com\/wp-content\/uploads\/2016\/05\/an_MG_0619.jpg\"><img loading=\"lazy\" decoding=\"async\" class=\"alignnone size-large wp-image-5523\" src=\"http:\/\/nillans.com\/wp-content\/uploads\/2016\/05\/an_MG_0619-511x824.jpg\" alt=\"an_MG_0619\" width=\"511\" height=\"824\" srcset=\"https:\/\/nillans.com\/wp-content\/uploads\/2016\/05\/an_MG_0619-511x824.jpg 511w, https:\/\/nillans.com\/wp-content\/uploads\/2016\/05\/an_MG_0619-186x300.jpg 186w, https:\/\/nillans.com\/wp-content\/uploads\/2016\/05\/an_MG_0619.jpg 800w\" sizes=\"auto, (max-width: 511px) 100vw, 511px\" \/><\/a><\/p>\n<p>Efter ett ganska klassiskt korttrick v\u00e4nder han sig mot mig och min kamera ;) Jod\u00e5, jag br\u00e4nner av n\u00e5gra klick hahaha. Jag \u00e4r liksom inte s\u00e5 n\u00f6dbedd&#8230;<\/p>\n<p><a href=\"http:\/\/nillans.com\/wp-content\/uploads\/2016\/05\/an_MG_0639.jpg\"><img loading=\"lazy\" decoding=\"async\" class=\"alignnone size-large wp-image-5524\" src=\"http:\/\/nillans.com\/wp-content\/uploads\/2016\/05\/an_MG_0639-533x824.jpg\" alt=\"an_MG_0639\" width=\"533\" height=\"824\" srcset=\"https:\/\/nillans.com\/wp-content\/uploads\/2016\/05\/an_MG_0639-533x824.jpg 533w, https:\/\/nillans.com\/wp-content\/uploads\/2016\/05\/an_MG_0639-194x300.jpg 194w, https:\/\/nillans.com\/wp-content\/uploads\/2016\/05\/an_MG_0639.jpg 800w\" sizes=\"auto, (max-width: 533px) 100vw, 533px\" \/><\/a><\/p>\n<p>Sedeln som f\u00f6rsvinner och dyker upp i en frukt? Jod\u00e5, han kunde detta ocks\u00e5.<\/p>\n<p>Nu hade jag fullt bry i skallen. Jag var helt hundra \u00f6vertygad om att jag sett denna kille innan. Men VAR?<br \/>\nTv?<br \/>\nNej, jag hade en k\u00e4nsla av att ha pratat med honom. Hmm&#8230;.f\u00f6rbenade skalle till att vara gl\u00f6msk!<br \/>\nN\u00e4r jag s\u00e5 fotade n\u00e4sta g\u00e4ng kom han fram till mig och fr\u00e5gade om jag publicerade bilder n\u00e5gonstans. Facebook kanske?<br \/>\nJod\u00e5 jag fotar och l\u00e4gger upp hahaha och jod\u00e5, han kunde f\u00e5 ett par foto av mig :)<br \/>\nS\u00e5 jag fick ett visitkort&#8230;<br \/>\nNamnet sa mig inget men jag kunde \u00e4nd\u00e5 inte bli kvitt den d\u00e4r k\u00e4nslan av att ha pratat med honom innan.<\/p>\n<p>Jag gick runt och tittade i marknadsst\u00e5nden, gick bort till jobbets t\u00e4lt och checkade l\u00e4get. D\u00c5 kom jag p\u00e5 det!! Jag HAR pratat med honom tidigare! Hahahaha<br \/>\nVi satt n\u00e4mligen bredvid varandra p\u00e5 teatern i v\u00e5ras n\u00e4r vi s\u00e5g Rock of Ages!\u00a0 :rotfl: Han satt med sin sambo bredvid mig och var d\u00e4r f\u00f6r att deras v\u00e4n var en av personerna p\u00e5 scenen :)<br \/>\nHan ber\u00e4ttade att han var magiker och att han ing\u00e5tt i samma entertainergrupp som v\u00e4nnen p\u00e5 scenen.<\/p>\n<p>Jag plockade fram honom p\u00e5 Facebook och skickade &#8221;Som jag grunnat p\u00e5 var jag m\u00f6tt dig innan &#8211; vi satt bredvid varandra p\u00e5 teatern&#8221;. Till svar fick jag att han k\u00e4nde igen mig med. V\u00e4rlden \u00e4r liten. Douglas tog brons i Nordiska m\u00e4sterskapen, grattis s\u00e4ger jag!<\/p>\n<p><a href=\"http:\/\/nillans.com\/wp-content\/uploads\/2016\/05\/an_MG_2536.jpg\"><img loading=\"lazy\" decoding=\"async\" class=\"alignnone size-large wp-image-5525\" src=\"http:\/\/nillans.com\/wp-content\/uploads\/2016\/05\/an_MG_2536-549x824.jpg\" alt=\"an_MG_2536\" width=\"549\" height=\"824\" srcset=\"https:\/\/nillans.com\/wp-content\/uploads\/2016\/05\/an_MG_2536-549x824.jpg 549w, https:\/\/nillans.com\/wp-content\/uploads\/2016\/05\/an_MG_2536-200x300.jpg 200w, https:\/\/nillans.com\/wp-content\/uploads\/2016\/05\/an_MG_2536.jpg 800w\" sizes=\"auto, (max-width: 549px) 100vw, 549px\" \/><\/a><\/p>\n<p>I vilket k\u00e4rl\u00a0sorterar man sin napp?<br \/>\nVar ska batteriet bo?<br \/>\nSopkommissionen l\u00e4r barn sortera sopor p\u00e5 ett inspirerande s\u00e4tt. Musikerna Johan och Fredrik har jag ju h\u00f6rt i andra sammanhang och vet att de levererar :) Kul!<\/p>\n<p>Fram\u00e5t eftermiddagen kom det en skur. Alla g\u00f6mde sig d\u00e4r de kunde. Jag, k\u00e4rleken och sv\u00e4rmor satt redan i fikat\u00e4ltet och drack kaffe s\u00e5 vi klarade oss. P\u00e5 scenen var det full soundcheck av familjen Sigfridsson.<br \/>\n<a href=\"http:\/\/nillans.com\/wp-content\/uploads\/2016\/05\/an_MG_0732.jpg\"><img loading=\"lazy\" decoding=\"async\" class=\"alignnone size-large wp-image-5526\" src=\"http:\/\/nillans.com\/wp-content\/uploads\/2016\/05\/an_MG_0732-590x824.jpg\" alt=\"an_MG_0732\" width=\"590\" height=\"824\" srcset=\"https:\/\/nillans.com\/wp-content\/uploads\/2016\/05\/an_MG_0732-590x824.jpg 590w, https:\/\/nillans.com\/wp-content\/uploads\/2016\/05\/an_MG_0732-215x300.jpg 215w, https:\/\/nillans.com\/wp-content\/uploads\/2016\/05\/an_MG_0732.jpg 800w\" sizes=\"auto, (max-width: 590px) 100vw, 590px\" \/><\/a><\/p>\n<p>Zara, denna vackra s\u00e5ngf\u00e5gel! &lt;3 Vid sidan om st\u00e5r hennes sv\u00e4rfar Lasse. Lasse \u00e4r en s\u00e5dan d\u00e4r godhj\u00e4rtad m\u00e4nniska. Jag blev djupt r\u00f6rd \u00f6ver att han banade sig fram genom alla fans fram till min brukare. Han kramade om henne och ibland tog han en liten rullstolsdans ocks\u00e5. Min brukare hade f\u00f6rm\u00e5nen att k\u00e4nna Lasses granne v\u00e4l. Lasse s\u00e5g alltid n\u00e4r hon var p\u00e5 spelningarna och det satte sp\u00e5r i mig. Att se den lilla m\u00e4nniskan, den som inte kan komma fram eller g\u00f6ra sig h\u00f6rd.<\/p>\n<p><a href=\"http:\/\/nillans.com\/wp-content\/uploads\/2016\/05\/an_MG_0752.jpg\"><img loading=\"lazy\" decoding=\"async\" class=\"alignnone size-full wp-image-5527\" src=\"http:\/\/nillans.com\/wp-content\/uploads\/2016\/05\/an_MG_0752.jpg\" alt=\"an_MG_0752\" width=\"600\" height=\"731\" srcset=\"https:\/\/nillans.com\/wp-content\/uploads\/2016\/05\/an_MG_0752.jpg 600w, https:\/\/nillans.com\/wp-content\/uploads\/2016\/05\/an_MG_0752-246x300.jpg 246w\" sizes=\"auto, (max-width: 600px) 100vw, 600px\" \/><\/a><\/p>\n<p>Den glade spelemannen Emil ;)<\/p>\n<p><a href=\"http:\/\/nillans.com\/wp-content\/uploads\/2016\/05\/an_MG_0708.jpg\"><img loading=\"lazy\" decoding=\"async\" class=\"alignnone size-full wp-image-5528\" src=\"http:\/\/nillans.com\/wp-content\/uploads\/2016\/05\/an_MG_0708.jpg\" alt=\"an_MG_0708\" width=\"600\" height=\"768\" srcset=\"https:\/\/nillans.com\/wp-content\/uploads\/2016\/05\/an_MG_0708.jpg 600w, https:\/\/nillans.com\/wp-content\/uploads\/2016\/05\/an_MG_0708-234x300.jpg 234w\" sizes=\"auto, (max-width: 600px) 100vw, 600px\" \/><\/a><\/p>\n<p>\u00c4ngla har en \u00e4ngels r\u00f6st! Den t\u00f6sen allts\u00e5! (Men s\u00e5 har hon ju att br\u00e5s p\u00e5&#8230;) H\u00e4r sjunger hela stora familjen men tyv\u00e4rr backade Vilda och hamnade bakom storasyster. Men titta p\u00e5 \u00c4lvins blick! Han \u00e4r redan d\u00e4r ;) han har sett och l\u00e4rt sig hur man tar publiken &lt;3 Jag \u00e4lskar att \u00e4ven de sm\u00e5 f\u00e5r en egen mikrofon och hj\u00e4lper till att doa b\u00e5de mamma och syster.<\/p>\n<p><a href=\"http:\/\/nillans.com\/wp-content\/uploads\/2016\/05\/an_MG_0795.jpg\"><img loading=\"lazy\" decoding=\"async\" class=\"alignnone size-full wp-image-5529\" src=\"http:\/\/nillans.com\/wp-content\/uploads\/2016\/05\/an_MG_0795.jpg\" alt=\"an_MG_0795\" width=\"800\" height=\"641\" srcset=\"https:\/\/nillans.com\/wp-content\/uploads\/2016\/05\/an_MG_0795.jpg 800w, https:\/\/nillans.com\/wp-content\/uploads\/2016\/05\/an_MG_0795-300x240.jpg 300w\" sizes=\"auto, (max-width: 800px) 100vw, 800px\" \/><\/a><\/p>\n<p>De sjunger h\u00e4rligt och de \u00e4r h\u00e4rliga. Jag fick \u00e4ven chansen att gratulera Lasse till segern i kampen mot de forna v\u00e4nnerna och kollegorna. R\u00e4ttvisan segrade!<\/p>\n<p>&nbsp;<\/p>\n","protected":false},"excerpt":{"rendered":"<p>Idag har det varit Fj\u00e4lkingedagen. F\u00f6r (tror jag) tredje \u00e5ret anordnar man en marknadsdag i byn. Jag hade sytt en dopkl\u00e4nning till jobbet eftersom de tv\u00e5 som fanns att l\u00e5na har f\u00e5tt f\u00f6tter och inte hittat hem igen. Trots att &hellip; <a href=\"https:\/\/nillans.com\/?p=5521\">Forts\u00e4tt l\u00e4sa <span class=\"meta-nav\">&rarr;<\/span><\/a><\/p>\n","protected":false},"author":1,"featured_media":0,"comment_status":"open","ping_status":"open","sticky":false,"template":"","format":"standard","meta":{"footnotes":""},"categories":[16,32,47],"tags":[],"class_list":["post-5521","post","type-post","status-publish","format-standard","hentry","category-gladje","category-musik","category-vanskap"],"_links":{"self":[{"href":"https:\/\/nillans.com\/index.php?rest_route=\/wp\/v2\/posts\/5521","targetHints":{"allow":["GET"]}}],"collection":[{"href":"https:\/\/nillans.com\/index.php?rest_route=\/wp\/v2\/posts"}],"about":[{"href":"https:\/\/nillans.com\/index.php?rest_route=\/wp\/v2\/types\/post"}],"author":[{"embeddable":true,"href":"https:\/\/nillans.com\/index.php?rest_route=\/wp\/v2\/users\/1"}],"replies":[{"embeddable":true,"href":"https:\/\/nillans.com\/index.php?rest_route=%2Fwp%2Fv2%2Fcomments&post=5521"}],"version-history":[{"count":1,"href":"https:\/\/nillans.com\/index.php?rest_route=\/wp\/v2\/posts\/5521\/revisions"}],"predecessor-version":[{"id":5530,"href":"https:\/\/nillans.com\/index.php?rest_route=\/wp\/v2\/posts\/5521\/revisions\/5530"}],"wp:attachment":[{"href":"https:\/\/nillans.com\/index.php?rest_route=%2Fwp%2Fv2%2Fmedia&parent=5521"}],"wp:term":[{"taxonomy":"category","embeddable":true,"href":"https:\/\/nillans.com\/index.php?rest_route=%2Fwp%2Fv2%2Fcategories&post=5521"},{"taxonomy":"post_tag","embeddable":true,"href":"https:\/\/nillans.com\/index.php?rest_route=%2Fwp%2Fv2%2Ftags&post=5521"}],"curies":[{"name":"wp","href":"https:\/\/api.w.org\/{rel}","templated":true}]}}