{"id":5499,"date":"2016-04-22T00:17:45","date_gmt":"2016-04-21T22:17:45","guid":{"rendered":"http:\/\/nillans.com\/?p=5499"},"modified":"2016-04-22T00:17:45","modified_gmt":"2016-04-21T22:17:45","slug":"saknad","status":"publish","type":"post","link":"https:\/\/nillans.com\/?p=5499","title":{"rendered":"Saknad"},"content":{"rendered":"<p>Att k\u00e4rleken har frispel pga tristess p\u00e5 sjukhuset var tredje dag f\u00f6rst\u00e5r jag!<br \/>\nJag har fullsp\u00e4ckade dagar s\u00e5 jag hinner egentligen inte k\u00e4nna av ensamheten. Men han fattas mig\u2026 det \u00e4r tomt p\u00e5 mer \u00e4n ett s\u00e4tt. <img decoding=\"async\" src=\"http:\/\/nillans.com\/wp-content\/plugins\/wp-emoji\/emoji\/e403.png\" class=\"wp-emoji\" \/><br \/>\nN\u00e5, nu f\u00e5r jag hoppas att de gjort sista unders\u00f6kningen innan operationen. Jag vill ha hem honom! Lagad!<br \/>\nI morgon eftermiddag ska han iaf f\u00e5 permission och komma hem n\u00e5gra timmar. Mitt projekt \u00e4r tyv\u00e4rr inte klart s\u00e5 \u00f6verraskningen blir inte lika stor\u2026<br \/>\nAnledningen \u00e4r att jag fick rycka ut p\u00e5 en f\u00e5gelh\u00e4mtning. <\/p>\n<p><a href=\"http:\/\/nillans.com\/wp-content\/uploads\/2016\/04\/wpid-wp-1461276767412.jpg\"><img decoding=\"async\" title=\"wp-1461276767412\" class=\"alignnone size-full\"  alt=\"image\" src=\"http:\/\/nillans.com\/wp-content\/uploads\/2016\/04\/wpid-wp-1461276767412.jpg\" \/><\/a><\/p>\n<p>Denna s\u00f6tn\u00f6t hittades i H\u00f6rby idag. Och eftersom det var i h\u00e5lan min ena systerdotter med f\u00e4stman bor s\u00e5 tiggde jag kaffe innan hemf\u00e4rd. <\/p>\n<p>S\u00e5 det blev ingen tid till projektet f\u00f6r efter mat och kaffe var det dags f\u00f6r MTX&#8230;&nbsp; och det var full dos ikv\u00e4ll. <\/p>\n<p>I morgon ska jag pussa p\u00e5 mitt hj\u00e4rtas k\u00e4rlek igen <img decoding=\"async\" src=\"http:\/\/nillans.com\/wp-content\/plugins\/wp-emoji\/emoji\/e022.png\" class=\"wp-emoji\" \/><\/p>\n","protected":false},"excerpt":{"rendered":"<p>Att k\u00e4rleken har frispel pga tristess p\u00e5 sjukhuset var tredje dag f\u00f6rst\u00e5r jag! Jag har fullsp\u00e4ckade dagar s\u00e5 jag hinner egentligen inte k\u00e4nna av ensamheten. Men han fattas mig\u2026 det \u00e4r tomt p\u00e5 mer \u00e4n ett s\u00e4tt. N\u00e5, nu f\u00e5r &hellip; <a href=\"https:\/\/nillans.com\/?p=5499\">Forts\u00e4tt l\u00e4sa <span class=\"meta-nav\">&rarr;<\/span><\/a><\/p>\n","protected":false},"author":1,"featured_media":0,"comment_status":"open","ping_status":"open","sticky":false,"template":"","format":"standard","meta":{"footnotes":""},"categories":[11,13,15,21,39],"tags":[],"class_list":["post-5499","post","type-post","status-publish","format-standard","hentry","category-djur","category-familj","category-fundersamt","category-karlek-2","category-sjuk"],"_links":{"self":[{"href":"https:\/\/nillans.com\/index.php?rest_route=\/wp\/v2\/posts\/5499","targetHints":{"allow":["GET"]}}],"collection":[{"href":"https:\/\/nillans.com\/index.php?rest_route=\/wp\/v2\/posts"}],"about":[{"href":"https:\/\/nillans.com\/index.php?rest_route=\/wp\/v2\/types\/post"}],"author":[{"embeddable":true,"href":"https:\/\/nillans.com\/index.php?rest_route=\/wp\/v2\/users\/1"}],"replies":[{"embeddable":true,"href":"https:\/\/nillans.com\/index.php?rest_route=%2Fwp%2Fv2%2Fcomments&post=5499"}],"version-history":[{"count":1,"href":"https:\/\/nillans.com\/index.php?rest_route=\/wp\/v2\/posts\/5499\/revisions"}],"predecessor-version":[{"id":5500,"href":"https:\/\/nillans.com\/index.php?rest_route=\/wp\/v2\/posts\/5499\/revisions\/5500"}],"wp:attachment":[{"href":"https:\/\/nillans.com\/index.php?rest_route=%2Fwp%2Fv2%2Fmedia&parent=5499"}],"wp:term":[{"taxonomy":"category","embeddable":true,"href":"https:\/\/nillans.com\/index.php?rest_route=%2Fwp%2Fv2%2Fcategories&post=5499"},{"taxonomy":"post_tag","embeddable":true,"href":"https:\/\/nillans.com\/index.php?rest_route=%2Fwp%2Fv2%2Ftags&post=5499"}],"curies":[{"name":"wp","href":"https:\/\/api.w.org\/{rel}","templated":true}]}}