{"id":5494,"date":"2016-04-20T22:08:37","date_gmt":"2016-04-20T20:08:37","guid":{"rendered":"http:\/\/nillans.com\/?p=5494"},"modified":"2016-04-20T22:08:37","modified_gmt":"2016-04-20T20:08:37","slug":"for-21-ar-sedan","status":"publish","type":"post","link":"https:\/\/nillans.com\/?p=5494","title":{"rendered":"F\u00f6r 21 \u00e5r sedan"},"content":{"rendered":"<p>F\u00f6r 21 \u00e5r sedan hade k\u00e4rleken och jag varit tillsammans n\u00e4stan tv\u00e5 m\u00e5nader.<br \/>\nF\u00f6r 21 \u00e5r sedan \u00a0bodde vi 7,5 mil fr\u00e5n varandra.<br \/>\nF\u00f6r 21 \u00e5r sedan pratade vi i telefon varje kv\u00e4ll&#8230;i timmar!<\/p>\n<p>Det k\u00e4nns liiiite som d\u00e5 fast nu \u00e4r det &#8221;bara&#8221; tv\u00e5 mil mellan oss. Jag h\u00e4lsar p\u00e5 i ett par timmar varje dag och \u00e4nd\u00e5 kan det l\u00e4tt bli minst en timme i telefon p\u00e5 kv\u00e4llen. :heart:<\/p>\n<p>I morgon blir det MR f\u00f6r k\u00e4rlekens del. Direkt efter m\u00e5ste han till akutdialysen p\u00e5 USiL f\u00f6r att bli av med kontrasten. Han gillar det inte. Han vill hem&#8230;<br \/>\nSm\u00e5 barn mutar man med godis &#8211; stora &#8221;barn&#8221; lockar man med ta-dialysen-d\u00e4r-i-morgon-s\u00e5-f\u00e5r-du-lite-hemdialyspermis-p\u00e5-fre. T\u00e4nk k\u00e4nslan av att f\u00e5 komma hem till egen s\u00e4ng, egen kudde, hemmadoft och ljud om s\u00e5 bara f\u00f6r fem timmar! S\u00e5 mutar man min make.<\/p>\n<p>I morgon m\u00e5ste jag ta min fulla dos MTX annars kommer jag att bli s\u00e5 stel att jag inte kan k\u00f6ra bil och d\u00e5 \u00e4r jag ju inte till n\u00e5gon nytta \u00f6ht, varken f\u00f6r jobb, make eller djur. Eftersom han kommer till CSK sent i morgonkv\u00e4ll f\u00e5r jag klara mig utan pussar och ta mina piller lite tidigare \u00e4n vanligt. P\u00e5 s\u00e5 s\u00e4tt \u00e4r det f\u00e4rre biverkningstimmar p\u00e5 fredagen s\u00e5 jag kan h\u00e4mta honom p\u00e5 eftermiddagen. Tur man \u00e4r flexibel!<\/p>\n<p>Idag fick han hemmamat.<br \/>\n<a href=\"http:\/\/nillans.com\/wp-content\/uploads\/2016\/04\/wpid-wp-1461182341074.jpg\"><img decoding=\"async\" title=\"wp-1461182341074\" class=\"alignnone size-full\"  alt=\"image\" src=\"http:\/\/nillans.com\/wp-content\/uploads\/2016\/04\/wpid-wp-1461182341074.jpg\" \/><\/a><br \/>\nJag hade ugnsbakad falukorv och hemmagjord potatismos. Sirap \u00e4r ett m\u00e5ste enligt k\u00e4rleken s\u00e5 den fick \u00e5ka med. Han var p\u00e5 d\u00e5ligt hum\u00f6r n\u00e4r jag kom och d\u00e5 kan han inte \u00e4ta. Men Ola-Conny och Morgan i Japan var s\u00e5 pinsamma att han inte kunde h\u00e5lla kvar ilskan. Mitt i skratten slank maten ner <img decoding=\"async\" src=\"http:\/\/nillans.com\/wp-content\/plugins\/wp-emoji\/emoji\/e32b.png\" class=\"wp-emoji\" \/><br \/>\nMitt hj\u00e4rtas k\u00e4rlek har aldrig haft mycket till underhudsfett &#8211; idag har han absolut inget! <img decoding=\"async\" src=\"http:\/\/nillans.com\/wp-content\/plugins\/wp-emoji\/emoji\/e413.png\" class=\"wp-emoji\" \/> De m\u00e5ste laga honom NU s\u00e5 jag f\u00e5r hem honom och kan g\u00f6da honom! Han l\u00e4ngtar efter att g\u00e5 och strosa p\u00e5 tomten, sitta i solen p\u00e5 altanen\u2026sova i egen s\u00e4ng\u2026 <\/p>\n<p>Suck vad b\u00e5de han och jag beh\u00f6ver vars en s\u00e4ck med t\u00e5lamod <<img decoding=\"async\" src=\"http:\/\/nillans.com\/wp-content\/plugins\/wp-emoji\/emoji\/e327.png\" class=\"wp-emoji\" \/><\/p>\n","protected":false},"excerpt":{"rendered":"<p>F\u00f6r 21 \u00e5r sedan hade k\u00e4rleken och jag varit tillsammans n\u00e4stan tv\u00e5 m\u00e5nader. F\u00f6r 21 \u00e5r sedan \u00a0bodde vi 7,5 mil fr\u00e5n varandra. F\u00f6r 21 \u00e5r sedan pratade vi i telefon varje kv\u00e4ll&#8230;i timmar! Det k\u00e4nns liiiite som d\u00e5 fast &hellip; <a href=\"https:\/\/nillans.com\/?p=5494\">Forts\u00e4tt l\u00e4sa <span class=\"meta-nav\">&rarr;<\/span><\/a><\/p>\n","protected":false},"author":1,"featured_media":0,"comment_status":"open","ping_status":"open","sticky":false,"template":"","format":"standard","meta":{"footnotes":""},"categories":[15,21,26,29,46],"tags":[],"class_list":["post-5494","post","type-post","status-publish","format-standard","hentry","category-fundersamt","category-karlek-2","category-livet","category-minnen","category-trott"],"_links":{"self":[{"href":"https:\/\/nillans.com\/index.php?rest_route=\/wp\/v2\/posts\/5494","targetHints":{"allow":["GET"]}}],"collection":[{"href":"https:\/\/nillans.com\/index.php?rest_route=\/wp\/v2\/posts"}],"about":[{"href":"https:\/\/nillans.com\/index.php?rest_route=\/wp\/v2\/types\/post"}],"author":[{"embeddable":true,"href":"https:\/\/nillans.com\/index.php?rest_route=\/wp\/v2\/users\/1"}],"replies":[{"embeddable":true,"href":"https:\/\/nillans.com\/index.php?rest_route=%2Fwp%2Fv2%2Fcomments&post=5494"}],"version-history":[{"count":2,"href":"https:\/\/nillans.com\/index.php?rest_route=\/wp\/v2\/posts\/5494\/revisions"}],"predecessor-version":[{"id":5497,"href":"https:\/\/nillans.com\/index.php?rest_route=\/wp\/v2\/posts\/5494\/revisions\/5497"}],"wp:attachment":[{"href":"https:\/\/nillans.com\/index.php?rest_route=%2Fwp%2Fv2%2Fmedia&parent=5494"}],"wp:term":[{"taxonomy":"category","embeddable":true,"href":"https:\/\/nillans.com\/index.php?rest_route=%2Fwp%2Fv2%2Fcategories&post=5494"},{"taxonomy":"post_tag","embeddable":true,"href":"https:\/\/nillans.com\/index.php?rest_route=%2Fwp%2Fv2%2Ftags&post=5494"}],"curies":[{"name":"wp","href":"https:\/\/api.w.org\/{rel}","templated":true}]}}