{"id":5421,"date":"2016-02-15T22:38:33","date_gmt":"2016-02-15T21:38:33","guid":{"rendered":"http:\/\/nillans.com\/?p=5421"},"modified":"2016-02-15T22:38:33","modified_gmt":"2016-02-15T21:38:33","slug":"det-blidde-forkylt","status":"publish","type":"post","link":"https:\/\/nillans.com\/?p=5421","title":{"rendered":"Det blidde&#8217; f\u00f6rkylt"},"content":{"rendered":"<p>Fin kollega b\u00f6rjade sn\u00f6rvla och k\u00e4nna sig risig. Tyckte jag h\u00f6ll mig p\u00e5 beh\u00f6rigt avst\u00e5nd men n\u00e4\u2026 bacillerna hittade mig! Dum som jag var tog jag mina MTX i torsdags, jag skulle hoppat \u00f6ver och l\u00e5tit mitt \u00f6verambiti\u00f6sa immunf\u00f6rsvar styra. Men men, det \u00e4r s\u00e5 l\u00e4tt att vara efterklok! Jag har varit risig i helgen men nu k\u00e4nns det lite b\u00e4ttre. (Kollegan har dock otur och \u00e4r rysligt krasslig \u00e4n) <\/p>\n<p>I morgon kommer AF till jobbet och f\u00f6rhandlingar om hur anst\u00e4llningen ska se ut ska diskuteras. S\u00e5 den t\u00e4nker jag i allafall vara med p\u00e5. Orkar jag sen inte mer f\u00e5r jag v\u00e4l k\u00f6ra hem <img decoding=\"async\" src=\"http:\/\/nillans.com\/wp-content\/plugins\/wp-emoji\/emoji\/e412.png\" class=\"wp-emoji\" \/> <\/p>\n<p>V\u00e5gen stod p\u00e5 -2.6 i morse <img decoding=\"async\" src=\"http:\/\/nillans.com\/wp-content\/plugins\/wp-emoji\/emoji\/e404.png\" class=\"wp-emoji\" \/> Jag saknar p\u00e4ror&#8217;, ris och pasta men i \u00f6vrigt g\u00e5r det j\u00e4ttebra. Gjorde egen citronglass som blev god. <\/p>\n<p>Juristen har <em><strong>fortfarande<\/strong><\/em> inte skickat in papperna till Skatteverket s\u00e5 arvet dr\u00f6jer \u00e4nnu l\u00e4ngre. Jag blir s\u00e5 arg och frustrerad! Lite kommunikation hade inte skadat! \u00c5 andra sidan betalar vi f\u00f6r att f\u00e5 det korrekt och d\u00e5 ska jag inte beh\u00f6va g\u00f6ra n\u00e5got. Jaja jag vet, jag har kontrollbehov\u2026 <\/p>\n<p>Dags f\u00f6r litta&#8217; Otrivin\u2026<br \/>\n*atjooo*<\/p>\n","protected":false},"excerpt":{"rendered":"<p>Fin kollega b\u00f6rjade sn\u00f6rvla och k\u00e4nna sig risig. Tyckte jag h\u00f6ll mig p\u00e5 beh\u00f6rigt avst\u00e5nd men n\u00e4\u2026 bacillerna hittade mig! Dum som jag var tog jag mina MTX i torsdags, jag skulle hoppat \u00f6ver och l\u00e5tit mitt \u00f6verambiti\u00f6sa immunf\u00f6rsvar styra. &hellip; <a href=\"https:\/\/nillans.com\/?p=5421\">Forts\u00e4tt l\u00e4sa <span class=\"meta-nav\">&rarr;<\/span><\/a><\/p>\n","protected":false},"author":1,"featured_media":0,"comment_status":"open","ping_status":"open","sticky":false,"template":"","format":"standard","meta":{"footnotes":""},"categories":[15,115,31,39,49],"tags":[],"class_list":["post-5421","post","type-post","status-publish","format-standard","hentry","category-fundersamt","category-jobb","category-motvalls","category-sjuk","category-vikt"],"_links":{"self":[{"href":"https:\/\/nillans.com\/index.php?rest_route=\/wp\/v2\/posts\/5421","targetHints":{"allow":["GET"]}}],"collection":[{"href":"https:\/\/nillans.com\/index.php?rest_route=\/wp\/v2\/posts"}],"about":[{"href":"https:\/\/nillans.com\/index.php?rest_route=\/wp\/v2\/types\/post"}],"author":[{"embeddable":true,"href":"https:\/\/nillans.com\/index.php?rest_route=\/wp\/v2\/users\/1"}],"replies":[{"embeddable":true,"href":"https:\/\/nillans.com\/index.php?rest_route=%2Fwp%2Fv2%2Fcomments&post=5421"}],"version-history":[{"count":1,"href":"https:\/\/nillans.com\/index.php?rest_route=\/wp\/v2\/posts\/5421\/revisions"}],"predecessor-version":[{"id":5422,"href":"https:\/\/nillans.com\/index.php?rest_route=\/wp\/v2\/posts\/5421\/revisions\/5422"}],"wp:attachment":[{"href":"https:\/\/nillans.com\/index.php?rest_route=%2Fwp%2Fv2%2Fmedia&parent=5421"}],"wp:term":[{"taxonomy":"category","embeddable":true,"href":"https:\/\/nillans.com\/index.php?rest_route=%2Fwp%2Fv2%2Fcategories&post=5421"},{"taxonomy":"post_tag","embeddable":true,"href":"https:\/\/nillans.com\/index.php?rest_route=%2Fwp%2Fv2%2Ftags&post=5421"}],"curies":[{"name":"wp","href":"https:\/\/api.w.org\/{rel}","templated":true}]}}