{"id":5392,"date":"2016-01-01T23:58:41","date_gmt":"2016-01-01T22:58:41","guid":{"rendered":"http:\/\/nillans.com\/?p=5392"},"modified":"2016-01-01T23:58:41","modified_gmt":"2016-01-01T22:58:41","slug":"bregott-jada","status":"publish","type":"post","link":"https:\/\/nillans.com\/?p=5392","title":{"rendered":"Bregott &#8211; jad\u00e5!"},"content":{"rendered":"<p><a href=\"http:\/\/nillans.com\/wp-content\/uploads\/2016\/01\/wpid-wp-1451688309553.jpg\"><img decoding=\"async\" title=\"wp-1451688309553\" class=\"alignnone size-full\"  alt=\"image\" src=\"http:\/\/nillans.com\/wp-content\/uploads\/2016\/01\/wpid-wp-1451688309553.jpg\" \/><\/a><\/p>\n<p>S\u00e5 stod jag d\u00e4r med resterna av de sedvanliga fredagsbiverkningarna och skulle g\u00f6ra paj. K\u00e4rleken hade \u00f6nskat ostpaj och till och med k\u00f6pt v\u00e4sterbottenost f\u00f6r att vara s\u00e4ker p\u00e5 att f\u00e5 sin paj. Vad jag totalt missat var att sm\u00f6ret var slut f\u00f6rutom en liten liten ruta. <img decoding=\"async\" src=\"http:\/\/nillans.com\/wp-content\/plugins\/wp-emoji\/emoji\/e403.png\" class=\"wp-emoji\" \/><br \/>\nVAD G\u00d6R man? \u00d6ver en mil till n\u00e4rmsta aff\u00e4r\u2026<br \/>\nJag tog bregott <img decoding=\"async\" src=\"http:\/\/nillans.com\/wp-content\/plugins\/wp-emoji\/emoji\/e412.png\" class=\"wp-emoji\" \/> Det funkade! Degen blev aningens segare att arbeta med men smakm\u00e4ssigt var det inget fel. Jag fick dock anv\u00e4nda ett annat recept \u00e4n det jag brukar. Men vad g\u00f6r det? Problemet l\u00f6stes och vi hamnade i sedvanlig matkoma. <\/p>\n<p><em>Jag har Bregott Mellan hemma. Enligt Arla \u00e4r det inte v\u00e4rt att prova att baka eller steka i mellan-versionen &#8211; de rekommenderar vanligt normalsaltat Bregott. Nu vet jag att det g\u00e5r att fixa paj med mellan iaf. En vacker dag beh\u00f6ver jag kanske prova att steka i det ocks\u00e5 <img decoding=\"async\" src=\"http:\/\/nillans.com\/wp-content\/plugins\/wp-emoji\/emoji\/e405.png\" class=\"wp-emoji\" \/><\/em><\/p>\n","protected":false},"excerpt":{"rendered":"<p>S\u00e5 stod jag d\u00e4r med resterna av de sedvanliga fredagsbiverkningarna och skulle g\u00f6ra paj. K\u00e4rleken hade \u00f6nskat ostpaj och till och med k\u00f6pt v\u00e4sterbottenost f\u00f6r att vara s\u00e4ker p\u00e5 att f\u00e5 sin paj. Vad jag totalt missat var att sm\u00f6ret &hellip; <a href=\"https:\/\/nillans.com\/?p=5392\">Forts\u00e4tt l\u00e4sa <span class=\"meta-nav\">&rarr;<\/span><\/a><\/p>\n","protected":false},"author":1,"featured_media":0,"comment_status":"open","ping_status":"open","sticky":false,"template":"","format":"standard","meta":{"footnotes":""},"categories":[22,27],"tags":[],"class_list":["post-5392","post","type-post","status-publish","format-standard","hentry","category-kreativt","category-mat"],"_links":{"self":[{"href":"https:\/\/nillans.com\/index.php?rest_route=\/wp\/v2\/posts\/5392","targetHints":{"allow":["GET"]}}],"collection":[{"href":"https:\/\/nillans.com\/index.php?rest_route=\/wp\/v2\/posts"}],"about":[{"href":"https:\/\/nillans.com\/index.php?rest_route=\/wp\/v2\/types\/post"}],"author":[{"embeddable":true,"href":"https:\/\/nillans.com\/index.php?rest_route=\/wp\/v2\/users\/1"}],"replies":[{"embeddable":true,"href":"https:\/\/nillans.com\/index.php?rest_route=%2Fwp%2Fv2%2Fcomments&post=5392"}],"version-history":[{"count":1,"href":"https:\/\/nillans.com\/index.php?rest_route=\/wp\/v2\/posts\/5392\/revisions"}],"predecessor-version":[{"id":5393,"href":"https:\/\/nillans.com\/index.php?rest_route=\/wp\/v2\/posts\/5392\/revisions\/5393"}],"wp:attachment":[{"href":"https:\/\/nillans.com\/index.php?rest_route=%2Fwp%2Fv2%2Fmedia&parent=5392"}],"wp:term":[{"taxonomy":"category","embeddable":true,"href":"https:\/\/nillans.com\/index.php?rest_route=%2Fwp%2Fv2%2Fcategories&post=5392"},{"taxonomy":"post_tag","embeddable":true,"href":"https:\/\/nillans.com\/index.php?rest_route=%2Fwp%2Fv2%2Ftags&post=5392"}],"curies":[{"name":"wp","href":"https:\/\/api.w.org\/{rel}","templated":true}]}}