{"id":5307,"date":"2015-10-21T20:37:43","date_gmt":"2015-10-21T18:37:43","guid":{"rendered":"http:\/\/nillans.com\/?p=5307"},"modified":"2015-10-21T20:37:44","modified_gmt":"2015-10-21T18:37:44","slug":"gravsmyckning","status":"publish","type":"post","link":"https:\/\/nillans.com\/?p=5307","title":{"rendered":"Gravsmyckning"},"content":{"rendered":"<p>Jag har alltid reagerat p\u00e5 alla ljus och pryttlar aff\u00e4rerna tar fram s\u00e5 h\u00e4r \u00e5rs. <\/p>\n<p>I \u00e5r har de f\u00e5tt en annan inneb\u00f6rd. Nu ser jag anh\u00f6riga pynta k\u00e4ras gravar.<br \/>\nKan bero p\u00e5 en intensiv men roligt vecka i skapandets tecken. <\/p>\n<p><a href=\"http:\/\/nillans.com\/wp-content\/uploads\/2015\/10\/wpid-wp-1445452198675.jpg\"><img decoding=\"async\" title=\"wp-1445452198675\" class=\"alignnone size-full\"  alt=\"image\" src=\"http:\/\/nillans.com\/wp-content\/uploads\/2015\/10\/wpid-wp-1445452198675.jpg\" \/><\/a><\/p>\n<p>Jag skapade v\u00e4nster sida i r\u00f6tt enligt \u00f6nskem\u00e5l. Satte dit ett ljus (foto jag sj\u00e4lv tagit och maskat)&nbsp; &#8211; ansvarig f\u00f6r inbjudan tyckte det blev f\u00f6r jul-igt\u2026<br \/>\nS\u00e5 idag sl\u00e4ngde jag ihop det gula med r\u00f6tt kors, helt i Svenska kyrkans f\u00e4rger. Hittade ett annat foto p\u00e5 en (mini) gravlykta och maskade ur snabbt som blixten. Fick godk\u00e4nd och b\u00f6rjade printa. <\/p>\n<p><a href=\"http:\/\/nillans.com\/wp-content\/uploads\/2015\/10\/wpid-wp-1445452429423.jpg\"><img decoding=\"async\" title=\"wp-1445452429423\" class=\"alignnone size-full\"  alt=\"image\" src=\"http:\/\/nillans.com\/wp-content\/uploads\/2015\/10\/wpid-wp-1445452429423.jpg\" \/><\/a><\/p>\n<p>Sju kyrkor med olika information klara att lamineras.<br \/>\nPl\u00f6tsligt hade mina tre timmar tagit slut!! How rude!! <\/p>\n<p>Jag har nog sagt det innan\u2026 <em>God I love my work!<\/em> <img decoding=\"async\" src=\"http:\/\/nillans.com\/wp-content\/plugins\/wp-emoji\/emoji\/e412.png\" class=\"wp-emoji\" \/><img decoding=\"async\" src=\"http:\/\/nillans.com\/wp-content\/plugins\/wp-emoji\/emoji\/e00e.png\" class=\"wp-emoji\" \/><\/p>\n","protected":false},"excerpt":{"rendered":"<p>Jag har alltid reagerat p\u00e5 alla ljus och pryttlar aff\u00e4rerna tar fram s\u00e5 h\u00e4r \u00e5rs. I \u00e5r har de f\u00e5tt en annan inneb\u00f6rd. Nu ser jag anh\u00f6riga pynta k\u00e4ras gravar. Kan bero p\u00e5 en intensiv men roligt vecka i skapandets &hellip; <a href=\"https:\/\/nillans.com\/?p=5307\">Forts\u00e4tt l\u00e4sa <span class=\"meta-nav\">&rarr;<\/span><\/a><\/p>\n","protected":false},"author":1,"featured_media":0,"comment_status":"open","ping_status":"open","sticky":false,"template":"","format":"standard","meta":{"footnotes":""},"categories":[16,22],"tags":[],"class_list":["post-5307","post","type-post","status-publish","format-standard","hentry","category-gladje","category-kreativt"],"_links":{"self":[{"href":"https:\/\/nillans.com\/index.php?rest_route=\/wp\/v2\/posts\/5307","targetHints":{"allow":["GET"]}}],"collection":[{"href":"https:\/\/nillans.com\/index.php?rest_route=\/wp\/v2\/posts"}],"about":[{"href":"https:\/\/nillans.com\/index.php?rest_route=\/wp\/v2\/types\/post"}],"author":[{"embeddable":true,"href":"https:\/\/nillans.com\/index.php?rest_route=\/wp\/v2\/users\/1"}],"replies":[{"embeddable":true,"href":"https:\/\/nillans.com\/index.php?rest_route=%2Fwp%2Fv2%2Fcomments&post=5307"}],"version-history":[{"count":1,"href":"https:\/\/nillans.com\/index.php?rest_route=\/wp\/v2\/posts\/5307\/revisions"}],"predecessor-version":[{"id":5308,"href":"https:\/\/nillans.com\/index.php?rest_route=\/wp\/v2\/posts\/5307\/revisions\/5308"}],"wp:attachment":[{"href":"https:\/\/nillans.com\/index.php?rest_route=%2Fwp%2Fv2%2Fmedia&parent=5307"}],"wp:term":[{"taxonomy":"category","embeddable":true,"href":"https:\/\/nillans.com\/index.php?rest_route=%2Fwp%2Fv2%2Fcategories&post=5307"},{"taxonomy":"post_tag","embeddable":true,"href":"https:\/\/nillans.com\/index.php?rest_route=%2Fwp%2Fv2%2Ftags&post=5307"}],"curies":[{"name":"wp","href":"https:\/\/api.w.org\/{rel}","templated":true}]}}