{"id":5259,"date":"2015-10-11T00:34:27","date_gmt":"2015-10-10T22:34:27","guid":{"rendered":"http:\/\/nillans.com\/?p=5259"},"modified":"2015-10-11T00:34:27","modified_gmt":"2015-10-10T22:34:27","slug":"trollkarlen-fran-oz","status":"publish","type":"post","link":"https:\/\/nillans.com\/?p=5259","title":{"rendered":"Trollkarlen fr\u00e5n Oz"},"content":{"rendered":"<p>Sedan ett par \u00e5r tillbaka f\u00e5r jag ett teaterbes\u00f6k av sv\u00e4rmor i f\u00f6delsedagspresent. Underbar g\u00e5va! <\/p>\n<p><a href=\"http:\/\/nillans.com\/wp-content\/uploads\/2015\/10\/wpid-wp-1444516020356.jpg\"><img decoding=\"async\" title=\"wp-1444516020356\" class=\"alignnone size-full\"  alt=\"image\" src=\"http:\/\/nillans.com\/wp-content\/uploads\/2015\/10\/wpid-wp-1444516020356.jpg\" \/><\/a><\/p>\n<p>Ikv\u00e4ll var det dags. Underh\u00e5llningspatrullen k\u00f6r Trollkarlen fr\u00e5n Oz till slutet av november.<br \/>\nJag har aldrig varit s\u00e5 f\u00e4st vid just denna musikal av n\u00e5gon anledning. Jag blev inte mer f\u00e4st ikv\u00e4ll. MEN patrullen levererade som vanligt!<br \/>\nS\u00e5ng, musik, dans h\u00f6ll h\u00f6g kvalitet\u2026 och lilla Saga som spelade Toto var s\u00e5 s\u00f6t d\u00e4r hon traskade runt p\u00e5 scenen. <\/p>\n<p><a href=\"http:\/\/nillans.com\/wp-content\/uploads\/2015\/10\/wpid-wp-1444516256033.jpg\"><img decoding=\"async\" title=\"wp-1444516256033\" class=\"alignnone size-full\"  alt=\"image\" src=\"http:\/\/nillans.com\/wp-content\/uploads\/2015\/10\/wpid-wp-1444516256033.jpg\" \/><\/a><\/p>\n<p>Jag fick aningens ont i lederna av att se F\u00e5gelskr\u00e4mman trilla runt i de mest konstiga st\u00e4llningar. <img decoding=\"async\" src=\"http:\/\/nillans.com\/wp-content\/plugins\/wp-emoji\/emoji\/e405.png\" class=\"wp-emoji\" \/><\/p>\n<p>N\u00e4sta teaterbes\u00f6k blir Emils version av Rock of ages i februari \/mars.<\/p>\n","protected":false},"excerpt":{"rendered":"<p>Sedan ett par \u00e5r tillbaka f\u00e5r jag ett teaterbes\u00f6k av sv\u00e4rmor i f\u00f6delsedagspresent. Underbar g\u00e5va! Ikv\u00e4ll var det dags. Underh\u00e5llningspatrullen k\u00f6r Trollkarlen fr\u00e5n Oz till slutet av november. Jag har aldrig varit s\u00e5 f\u00e4st vid just denna musikal av n\u00e5gon &hellip; <a href=\"https:\/\/nillans.com\/?p=5259\">Forts\u00e4tt l\u00e4sa <span class=\"meta-nav\">&rarr;<\/span><\/a><\/p>\n","protected":false},"author":1,"featured_media":0,"comment_status":"open","ping_status":"open","sticky":false,"template":"","format":"standard","meta":{"footnotes":""},"categories":[16,23,32],"tags":[],"class_list":["post-5259","post","type-post","status-publish","format-standard","hentry","category-gladje","category-kultur","category-musik"],"_links":{"self":[{"href":"https:\/\/nillans.com\/index.php?rest_route=\/wp\/v2\/posts\/5259","targetHints":{"allow":["GET"]}}],"collection":[{"href":"https:\/\/nillans.com\/index.php?rest_route=\/wp\/v2\/posts"}],"about":[{"href":"https:\/\/nillans.com\/index.php?rest_route=\/wp\/v2\/types\/post"}],"author":[{"embeddable":true,"href":"https:\/\/nillans.com\/index.php?rest_route=\/wp\/v2\/users\/1"}],"replies":[{"embeddable":true,"href":"https:\/\/nillans.com\/index.php?rest_route=%2Fwp%2Fv2%2Fcomments&post=5259"}],"version-history":[{"count":1,"href":"https:\/\/nillans.com\/index.php?rest_route=\/wp\/v2\/posts\/5259\/revisions"}],"predecessor-version":[{"id":5260,"href":"https:\/\/nillans.com\/index.php?rest_route=\/wp\/v2\/posts\/5259\/revisions\/5260"}],"wp:attachment":[{"href":"https:\/\/nillans.com\/index.php?rest_route=%2Fwp%2Fv2%2Fmedia&parent=5259"}],"wp:term":[{"taxonomy":"category","embeddable":true,"href":"https:\/\/nillans.com\/index.php?rest_route=%2Fwp%2Fv2%2Fcategories&post=5259"},{"taxonomy":"post_tag","embeddable":true,"href":"https:\/\/nillans.com\/index.php?rest_route=%2Fwp%2Fv2%2Ftags&post=5259"}],"curies":[{"name":"wp","href":"https:\/\/api.w.org\/{rel}","templated":true}]}}