{"id":5241,"date":"2015-10-03T00:15:35","date_gmt":"2015-10-02T22:15:35","guid":{"rendered":"http:\/\/nillans.com\/?p=5241"},"modified":"2015-10-03T00:15:35","modified_gmt":"2015-10-02T22:15:35","slug":"personalkvall-pa-ivogarden","status":"publish","type":"post","link":"https:\/\/nillans.com\/?p=5241","title":{"rendered":"Personalkv\u00e4ll p\u00e5 Iv\u00f6g\u00e5rden"},"content":{"rendered":"<p>Ig\u00e5r var jag medbjuden p\u00e5 personalkv\u00e4ll p\u00e5 Iv\u00f6g\u00e5rden. Vi skulle \u00e4ta gott och sedan pyssla lite.<\/p>\n<div id=\"attachment_5242\" style=\"width: 810px\" class=\"wp-caption alignnone\"><a href=\"http:\/\/nillans.com\/wp-content\/uploads\/2015\/10\/co_MG_8608.jpg\"><img loading=\"lazy\" decoding=\"async\" aria-describedby=\"caption-attachment-5242\" class=\"size-full wp-image-5242\" src=\"http:\/\/nillans.com\/wp-content\/uploads\/2015\/10\/co_MG_8608.jpg\" alt=\"Iv\u00f6g\u00e5rden\" width=\"800\" height=\"478\" srcset=\"https:\/\/nillans.com\/wp-content\/uploads\/2015\/10\/co_MG_8608.jpg 800w, https:\/\/nillans.com\/wp-content\/uploads\/2015\/10\/co_MG_8608-300x179.jpg 300w\" sizes=\"auto, (max-width: 800px) 100vw, 800px\" \/><\/a><p id=\"caption-attachment-5242\" class=\"wp-caption-text\">Iv\u00f6g\u00e5rden<\/p><\/div>\n<p><a href=\"http:\/\/nillans.com\/wp-content\/uploads\/2015\/10\/co_MG_8611.jpg\"><img loading=\"lazy\" decoding=\"async\" class=\"alignnone size-full wp-image-5243\" src=\"http:\/\/nillans.com\/wp-content\/uploads\/2015\/10\/co_MG_8611.jpg\" alt=\"co_MG_8611\" width=\"800\" height=\"852\" srcset=\"https:\/\/nillans.com\/wp-content\/uploads\/2015\/10\/co_MG_8611.jpg 800w, https:\/\/nillans.com\/wp-content\/uploads\/2015\/10\/co_MG_8611-282x300.jpg 282w, https:\/\/nillans.com\/wp-content\/uploads\/2015\/10\/co_MG_8611-774x824.jpg 774w\" sizes=\"auto, (max-width: 800px) 100vw, 800px\" \/><\/a><\/p>\n<div id=\"attachment_5244\" style=\"width: 810px\" class=\"wp-caption alignnone\"><a href=\"http:\/\/nillans.com\/wp-content\/uploads\/2015\/10\/co_MG_8626.jpg\"><img loading=\"lazy\" decoding=\"async\" aria-describedby=\"caption-attachment-5244\" class=\"size-full wp-image-5244\" src=\"http:\/\/nillans.com\/wp-content\/uploads\/2015\/10\/co_MG_8626.jpg\" alt=\"F\u00f6rr\u00e4tt - kron\u00e4rtskockesoppa med r\u00e4kor och vegetarisk rom\" width=\"800\" height=\"533\" srcset=\"https:\/\/nillans.com\/wp-content\/uploads\/2015\/10\/co_MG_8626.jpg 800w, https:\/\/nillans.com\/wp-content\/uploads\/2015\/10\/co_MG_8626-300x200.jpg 300w\" sizes=\"auto, (max-width: 800px) 100vw, 800px\" \/><\/a><p id=\"caption-attachment-5244\" class=\"wp-caption-text\">F\u00f6rr\u00e4tt &#8211; kron\u00e4rtskockesoppa med r\u00e4kor och vegetarisk rom<\/p><\/div>\n<p>Den var v\u00e4l s\u00e5 d\u00e4r. Lite annorlunda smak&#8230; Glad att jag smakat men l\u00e4r inte best\u00e4lla det p\u00e5 egen hand.<\/p>\n<div id=\"attachment_5245\" style=\"width: 810px\" class=\"wp-caption alignnone\"><a href=\"http:\/\/nillans.com\/wp-content\/uploads\/2015\/10\/co_MG_8627.jpg\"><img loading=\"lazy\" decoding=\"async\" aria-describedby=\"caption-attachment-5245\" class=\"size-full wp-image-5245\" src=\"http:\/\/nillans.com\/wp-content\/uploads\/2015\/10\/co_MG_8627.jpg\" alt=\"Huvudr\u00e4tt - dovhjortsfil\u00e9 och dito gryta med potatis och blomk\u00e5lsstomp samt syltad svartrot\" width=\"800\" height=\"533\" srcset=\"https:\/\/nillans.com\/wp-content\/uploads\/2015\/10\/co_MG_8627.jpg 800w, https:\/\/nillans.com\/wp-content\/uploads\/2015\/10\/co_MG_8627-300x200.jpg 300w\" sizes=\"auto, (max-width: 800px) 100vw, 800px\" \/><\/a><p id=\"caption-attachment-5245\" class=\"wp-caption-text\">Huvudr\u00e4tt &#8211; dovhjortsfil\u00e9 och dito gryta med potatis- och blomk\u00e5lsstomp samt syltad svartrot<\/p><\/div>\n<p>Jag \u00e4r allts\u00e5 helt otacksam att bjuda s\u00e5dant h\u00e4r &#8221;fint&#8221; p\u00e5! Hade kocken inte sagt att det var dovhjort hade jag tagit det f\u00f6r r\u00e5djur eller \u00e4lg\u00a0\u00a0 :rotfl: N\u00e5ja, det var ju iaf gott k\u00f6tt. Stompet gick ocks\u00e5 bra trots att mos l\u00e4tt v\u00e4xer i mun p\u00e5 mig. Grytan inneh\u00f6ll s\u00e5danad\u00e4ringa r\u00e4liga svampar, trattkantareller sas det runt om mig ;) Mest sp\u00e4nnande p\u00e5 tallriken var faktiskt den syltade svartroten. Har aldrig smakat innan och tja, det var inte r\u00e4ligt&#8217; s\u00e5 det kan v\u00e4l f\u00e5 hamna p\u00e5 tallrik igen. Ingen speciell smak, lite blandning mellan morot och sparris kanske. Till detta serverades n\u00e4rproducerat \u00e4ppelmos.<\/p>\n<div id=\"attachment_5246\" style=\"width: 810px\" class=\"wp-caption alignnone\"><a href=\"http:\/\/nillans.com\/wp-content\/uploads\/2015\/10\/co_MG_8629.jpg\"><img loading=\"lazy\" decoding=\"async\" aria-describedby=\"caption-attachment-5246\" class=\"size-full wp-image-5246\" src=\"http:\/\/nillans.com\/wp-content\/uploads\/2015\/10\/co_MG_8629.jpg\" alt=\"Chokladfondant med vaniljglass och bl\u00e5b\u00e4r\" width=\"800\" height=\"533\" srcset=\"https:\/\/nillans.com\/wp-content\/uploads\/2015\/10\/co_MG_8629.jpg 800w, https:\/\/nillans.com\/wp-content\/uploads\/2015\/10\/co_MG_8629-300x200.jpg 300w\" sizes=\"auto, (max-width: 800px) 100vw, 800px\" \/><\/a><p id=\"caption-attachment-5246\" class=\"wp-caption-text\">Chokladfondant med vaniljglass och bl\u00e5b\u00e4r<\/p><\/div>\n<p>Denna var GOD men ack s\u00e5 m\u00e4ktig! Eftersom jag anm\u00e4lt att jag inte t\u00e5l n\u00f6tter fick jag vaniljglass medan de \u00f6vriga fick n\u00f6tglass.<\/p>\n<p>M\u00e4tt som en spr\u00e4tt l\u00e4ttade jag med m\u00f6da fr\u00e5n stolen f\u00f6r att bege mig till andra \u00e4nden av huset. Det var dags f\u00f6r lite pyssel. E hade fr\u00e5gat mig innan om vad jag ville g\u00f6ra och jag valde armband.<\/p>\n<div id=\"attachment_5247\" style=\"width: 610px\" class=\"wp-caption alignnone\"><a href=\"http:\/\/nillans.com\/wp-content\/uploads\/2015\/10\/co_MG_8637.jpg\"><img loading=\"lazy\" decoding=\"async\" aria-describedby=\"caption-attachment-5247\" class=\"wp-image-5247 \" src=\"http:\/\/nillans.com\/wp-content\/uploads\/2015\/10\/co_MG_8637-e1443823499504.jpg\" alt=\"Ibland kr\u00e4vdes det m\u00e5nga hj\u00e4lpande h\u00e4nder f\u00f6r att f\u00e5 till det\" width=\"600\" height=\"622\" srcset=\"https:\/\/nillans.com\/wp-content\/uploads\/2015\/10\/co_MG_8637-e1443823499504.jpg 796w, https:\/\/nillans.com\/wp-content\/uploads\/2015\/10\/co_MG_8637-e1443823499504-289x300.jpg 289w, https:\/\/nillans.com\/wp-content\/uploads\/2015\/10\/co_MG_8637-e1443823499504-795x824.jpg 795w\" sizes=\"auto, (max-width: 600px) 100vw, 600px\" \/><\/a><p id=\"caption-attachment-5247\" class=\"wp-caption-text\">Ibland kr\u00e4vdes det m\u00e5nga hj\u00e4lpande h\u00e4nder f\u00f6r att f\u00e5 till det<\/p><\/div>\n<p>Vi m\u00e4tte och klippte till h\u00f6ger och v\u00e4nster.<\/p>\n<div id=\"attachment_5248\" style=\"width: 810px\" class=\"wp-caption alignnone\"><a href=\"http:\/\/nillans.com\/wp-content\/uploads\/2015\/10\/co_MG_8631.jpg\"><img loading=\"lazy\" decoding=\"async\" aria-describedby=\"caption-attachment-5248\" class=\"size-full wp-image-5248\" src=\"http:\/\/nillans.com\/wp-content\/uploads\/2015\/10\/co_MG_8631.jpg\" alt=\"V\u00e5r fastighetssk\u00f6tare A \u00e4r en h\u00e4ndig man...p\u00e5 m\u00e5nga s\u00e4tt\" width=\"800\" height=\"533\" srcset=\"https:\/\/nillans.com\/wp-content\/uploads\/2015\/10\/co_MG_8631.jpg 800w, https:\/\/nillans.com\/wp-content\/uploads\/2015\/10\/co_MG_8631-300x200.jpg 300w\" sizes=\"auto, (max-width: 800px) 100vw, 800px\" \/><\/a><p id=\"caption-attachment-5248\" class=\"wp-caption-text\">V\u00e5r fastighetssk\u00f6tare A \u00e4r en h\u00e4ndig man&#8230;p\u00e5 m\u00e5nga s\u00e4tt<\/p><\/div>\n<div id=\"attachment_5249\" style=\"width: 810px\" class=\"wp-caption alignnone\"><a href=\"http:\/\/nillans.com\/wp-content\/uploads\/2015\/10\/co_MG_8633.jpg\"><img loading=\"lazy\" decoding=\"async\" aria-describedby=\"caption-attachment-5249\" class=\"size-full wp-image-5249\" src=\"http:\/\/nillans.com\/wp-content\/uploads\/2015\/10\/co_MG_8633.jpg\" alt=\"AB och fler d\u00e4rtill tyckte att tejp var en god id\u00e9 f\u00f6r att f\u00e5 tenntr\u00e5darna lite mer samarbetsvilliga\" width=\"800\" height=\"446\" srcset=\"https:\/\/nillans.com\/wp-content\/uploads\/2015\/10\/co_MG_8633.jpg 800w, https:\/\/nillans.com\/wp-content\/uploads\/2015\/10\/co_MG_8633-300x167.jpg 300w\" sizes=\"auto, (max-width: 800px) 100vw, 800px\" \/><\/a><p id=\"caption-attachment-5249\" class=\"wp-caption-text\">AB och fler d\u00e4rtill tyckte att tejp var en god id\u00e9 f\u00f6r att f\u00e5 tenntr\u00e5darna lite mer samarbetsvilliga<\/p><\/div>\n<p>Ganska pilligt f\u00f6r stora h\u00e4nder<br \/>\nEtt tag funderade jag p\u00e5 om de har aktier i tejpbolaget&#8230; ;)<\/p>\n<div id=\"attachment_5250\" style=\"width: 810px\" class=\"wp-caption alignnone\"><a href=\"http:\/\/nillans.com\/wp-content\/uploads\/2015\/10\/co_MG_8648.jpg\"><img loading=\"lazy\" decoding=\"async\" aria-describedby=\"caption-attachment-5250\" class=\"size-full wp-image-5250\" src=\"http:\/\/nillans.com\/wp-content\/uploads\/2015\/10\/co_MG_8648.jpg\" alt=\"\u00d6ver, under, \u00f6ver, under...ungef\u00e4r som att knyppla h\u00e4vdade A ;)\" width=\"800\" height=\"505\" srcset=\"https:\/\/nillans.com\/wp-content\/uploads\/2015\/10\/co_MG_8648.jpg 800w, https:\/\/nillans.com\/wp-content\/uploads\/2015\/10\/co_MG_8648-300x189.jpg 300w\" sizes=\"auto, (max-width: 800px) 100vw, 800px\" \/><\/a><p id=\"caption-attachment-5250\" class=\"wp-caption-text\">\u00d6ver, under, \u00f6ver, under&#8230;ungef\u00e4r som att knyppla h\u00e4vdade AB<\/p><\/div>\n<div id=\"attachment_5251\" style=\"width: 810px\" class=\"wp-caption alignnone\"><a href=\"http:\/\/nillans.com\/wp-content\/uploads\/2015\/10\/co_MG_8662.jpg\"><img loading=\"lazy\" decoding=\"async\" aria-describedby=\"caption-attachment-5251\" class=\"size-full wp-image-5251\" src=\"http:\/\/nillans.com\/wp-content\/uploads\/2015\/10\/co_MG_8662.jpg\" alt=\"H\u00e4rliga h\u00e4rliga diakonen M! Tack f\u00f6r alla goda skratt!\" width=\"800\" height=\"967\" srcset=\"https:\/\/nillans.com\/wp-content\/uploads\/2015\/10\/co_MG_8662.jpg 800w, https:\/\/nillans.com\/wp-content\/uploads\/2015\/10\/co_MG_8662-248x300.jpg 248w, https:\/\/nillans.com\/wp-content\/uploads\/2015\/10\/co_MG_8662-682x824.jpg 682w\" sizes=\"auto, (max-width: 800px) 100vw, 800px\" \/><\/a><p id=\"caption-attachment-5251\" class=\"wp-caption-text\">H\u00e4rliga h\u00e4rliga diakonen M! Tack f\u00f6r alla goda skratt!<\/p><\/div>\n<div id=\"attachment_5252\" style=\"width: 810px\" class=\"wp-caption alignnone\"><a href=\"http:\/\/nillans.com\/wp-content\/uploads\/2015\/10\/co20151001_231027-1.jpg\"><img loading=\"lazy\" decoding=\"async\" aria-describedby=\"caption-attachment-5252\" class=\"size-full wp-image-5252\" src=\"http:\/\/nillans.com\/wp-content\/uploads\/2015\/10\/co20151001_231027-1.jpg\" alt=\"S\u00e5 h\u00e4r blev mitt armband med gr\u00f6nt skinn. Lite krokigt och dant men det ju jag med s\u00e5 vi passar ihop \" width=\"800\" height=\"939\" srcset=\"https:\/\/nillans.com\/wp-content\/uploads\/2015\/10\/co20151001_231027-1.jpg 800w, https:\/\/nillans.com\/wp-content\/uploads\/2015\/10\/co20151001_231027-1-256x300.jpg 256w, https:\/\/nillans.com\/wp-content\/uploads\/2015\/10\/co20151001_231027-1-702x824.jpg 702w\" sizes=\"auto, (max-width: 800px) 100vw, 800px\" \/><\/a><p id=\"caption-attachment-5252\" class=\"wp-caption-text\">S\u00e5 h\u00e4r blev mitt armband med gr\u00f6nt skinn. Lite krokigt och dant men det ju jag med s\u00e5 vi passar ihop<\/p><\/div>\n<p>Jag var helt slut n\u00e4r jag k\u00f6rde hem. Att v\u00e4nta sju minuter p\u00e5 f\u00e4rjan fr\u00e5n Iv\u00f6 till fastland var som en evighet. De fyra minuter det tar att \u00e5ka \u00f6ver var ocks\u00e5 en mindre evighet&#8230; Jag s\u00e5g r\u00e5djuren p\u00e5 v\u00e4gen hem och i grevens sjunde sekund b\u00e5da g\u00e5ngerna&#8230;<\/p>\n<p>Jag \u00e4r s\u00e5 otroligt glad \u00f6ver att jag tog mod och energi fr\u00e5n f\u00f6rr\u00e5den till att fr\u00e5ga om jag fick vara p\u00e5 pastorsexpeditionen och arbetstr\u00e4na. H\u00e4rliga, glada och omt\u00e4nksamma m\u00e4nniskor omkring mig varje dag. Det \u00e4r guld v\u00e4rt!<\/p>\n","protected":false},"excerpt":{"rendered":"<p>Ig\u00e5r var jag medbjuden p\u00e5 personalkv\u00e4ll p\u00e5 Iv\u00f6g\u00e5rden. Vi skulle \u00e4ta gott och sedan pyssla lite. Den var v\u00e4l s\u00e5 d\u00e4r. Lite annorlunda smak&#8230; Glad att jag smakat men l\u00e4r inte best\u00e4lla det p\u00e5 egen hand. Jag \u00e4r allts\u00e5 helt &hellip; <a href=\"https:\/\/nillans.com\/?p=5241\">Forts\u00e4tt l\u00e4sa <span class=\"meta-nav\">&rarr;<\/span><\/a><\/p>\n","protected":false},"author":1,"featured_media":0,"comment_status":"open","ping_status":"open","sticky":false,"template":"","format":"standard","meta":{"footnotes":""},"categories":[16,115,22,27,33,112],"tags":[],"class_list":["post-5241","post","type-post","status-publish","format-standard","hentry","category-gladje","category-jobb","category-kreativt","category-mat","category-mys-2","category-vanlighet"],"_links":{"self":[{"href":"https:\/\/nillans.com\/index.php?rest_route=\/wp\/v2\/posts\/5241","targetHints":{"allow":["GET"]}}],"collection":[{"href":"https:\/\/nillans.com\/index.php?rest_route=\/wp\/v2\/posts"}],"about":[{"href":"https:\/\/nillans.com\/index.php?rest_route=\/wp\/v2\/types\/post"}],"author":[{"embeddable":true,"href":"https:\/\/nillans.com\/index.php?rest_route=\/wp\/v2\/users\/1"}],"replies":[{"embeddable":true,"href":"https:\/\/nillans.com\/index.php?rest_route=%2Fwp%2Fv2%2Fcomments&post=5241"}],"version-history":[{"count":1,"href":"https:\/\/nillans.com\/index.php?rest_route=\/wp\/v2\/posts\/5241\/revisions"}],"predecessor-version":[{"id":5253,"href":"https:\/\/nillans.com\/index.php?rest_route=\/wp\/v2\/posts\/5241\/revisions\/5253"}],"wp:attachment":[{"href":"https:\/\/nillans.com\/index.php?rest_route=%2Fwp%2Fv2%2Fmedia&parent=5241"}],"wp:term":[{"taxonomy":"category","embeddable":true,"href":"https:\/\/nillans.com\/index.php?rest_route=%2Fwp%2Fv2%2Fcategories&post=5241"},{"taxonomy":"post_tag","embeddable":true,"href":"https:\/\/nillans.com\/index.php?rest_route=%2Fwp%2Fv2%2Ftags&post=5241"}],"curies":[{"name":"wp","href":"https:\/\/api.w.org\/{rel}","templated":true}]}}