{"id":5140,"date":"2015-07-05T00:16:10","date_gmt":"2015-07-04T22:16:10","guid":{"rendered":"http:\/\/nillans.com\/?p=5140"},"modified":"2015-07-05T00:16:10","modified_gmt":"2015-07-04T22:16:10","slug":"tropisk-natt","status":"publish","type":"post","link":"https:\/\/nillans.com\/?p=5140","title":{"rendered":"Tropisk natt"},"content":{"rendered":"<p><a href=\"http:\/\/nillans.com\/wp-content\/uploads\/2015\/07\/wpid-20150705_000741-1.jpg\"><img decoding=\"async\" title=\"20150705_000741-1.jpg\" class=\"alignnone size-full\"  alt=\"image\" src=\"http:\/\/nillans.com\/wp-content\/uploads\/2015\/07\/wpid-20150705_000741-1.jpg\" \/><\/a><\/p>\n<p>I natt tror jag att \u00e4ven vi f\u00e5r tropisk natt (\u00f6ver 20 grader). Jag \u00e4r inte jublande glad \u00f6ver det.<br \/>\nJag har supermegaont i f\u00f6tterna som h\u00e5ller p\u00e5 att svullna upp likt f\u00f6rra sommaren. Det tar p\u00e5 hum\u00f6ret. Jag kan inte l\u00e5tsas som att det inte g\u00f6r ngt. Jag har bara att acceptera att det \u00e4r s\u00e5 h\u00e4r. <\/p>\n<p>Jag \u00e4r <em>inte<\/em> trevligt s\u00e4llskap.<br \/>\nJag \u00e4r <em>inte<\/em> social.<br \/>\nJag vill bara ta mig genom v\u00e4rmeperioden levande.<br \/>\nSamtidigt tycker jag oerh\u00f6rt mycket om att solen skiner.<br \/>\nAmbivalent? <strong>Oh yes<\/strong>!<\/p>\n","protected":false},"excerpt":{"rendered":"<p>I natt tror jag att \u00e4ven vi f\u00e5r tropisk natt (\u00f6ver 20 grader). Jag \u00e4r inte jublande glad \u00f6ver det. Jag har supermegaont i f\u00f6tterna som h\u00e5ller p\u00e5 att svullna upp likt f\u00f6rra sommaren. Det tar p\u00e5 hum\u00f6ret. Jag kan &hellip; <a href=\"https:\/\/nillans.com\/?p=5140\">Forts\u00e4tt l\u00e4sa <span class=\"meta-nav\">&rarr;<\/span><\/a><\/p>\n","protected":false},"author":1,"featured_media":0,"comment_status":"open","ping_status":"open","sticky":false,"template":"","format":"standard","meta":{"footnotes":""},"categories":[15,26,31,36,114,46],"tags":[],"class_list":["post-5140","post","type-post","status-publish","format-standard","hentry","category-fundersamt","category-livet","category-motvalls","category-ont","category-reumatism","category-trott"],"_links":{"self":[{"href":"https:\/\/nillans.com\/index.php?rest_route=\/wp\/v2\/posts\/5140","targetHints":{"allow":["GET"]}}],"collection":[{"href":"https:\/\/nillans.com\/index.php?rest_route=\/wp\/v2\/posts"}],"about":[{"href":"https:\/\/nillans.com\/index.php?rest_route=\/wp\/v2\/types\/post"}],"author":[{"embeddable":true,"href":"https:\/\/nillans.com\/index.php?rest_route=\/wp\/v2\/users\/1"}],"replies":[{"embeddable":true,"href":"https:\/\/nillans.com\/index.php?rest_route=%2Fwp%2Fv2%2Fcomments&post=5140"}],"version-history":[{"count":1,"href":"https:\/\/nillans.com\/index.php?rest_route=\/wp\/v2\/posts\/5140\/revisions"}],"predecessor-version":[{"id":5141,"href":"https:\/\/nillans.com\/index.php?rest_route=\/wp\/v2\/posts\/5140\/revisions\/5141"}],"wp:attachment":[{"href":"https:\/\/nillans.com\/index.php?rest_route=%2Fwp%2Fv2%2Fmedia&parent=5140"}],"wp:term":[{"taxonomy":"category","embeddable":true,"href":"https:\/\/nillans.com\/index.php?rest_route=%2Fwp%2Fv2%2Fcategories&post=5140"},{"taxonomy":"post_tag","embeddable":true,"href":"https:\/\/nillans.com\/index.php?rest_route=%2Fwp%2Fv2%2Ftags&post=5140"}],"curies":[{"name":"wp","href":"https:\/\/api.w.org\/{rel}","templated":true}]}}