{"id":5125,"date":"2015-06-15T23:47:51","date_gmt":"2015-06-15T21:47:51","guid":{"rendered":"http:\/\/nillans.com\/?p=5125"},"modified":"2015-06-15T23:47:51","modified_gmt":"2015-06-15T21:47:51","slug":"gar-inte-att-sova","status":"publish","type":"post","link":"https:\/\/nillans.com\/?p=5125","title":{"rendered":"G\u00e5r inte att sova!"},"content":{"rendered":"<p>Inte nog med att jag lyckats dra p\u00e5 mig en lunginflammation som ger hosta fr\u00e5n &#8221;hell&#8221;, v\u00e4rk i kroppen (mer \u00e4n vanligt) och feber som g\u00f6r det sv\u00e5rt att ligga ner och sova. Halvsitta g\u00e5r s\u00e5d\u00e4r\u2026<br \/>\nMen just nu har jag en enorm klump i magen &#8211; ytterligare barn \u00e4r borta! F\u00f6rst kidnappades Juni, sen hittas Lisa d\u00f6d i Kinnekulle och s\u00e5 Sandra (tror jag hon hette) i Kristianstad. Nu \u00e4r ytterligare en tjej i Landskrona f\u00f6rsvunnen men v\u00e4rst just nu \u00e4r den 12-\u00e5rige Joel fr\u00e5n Sankt Olof. Jag f\u00e5r ont i magen!! Vad h\u00e4nder???<br \/>\nInte f\u00e5r man n\u00e5gon klarhet i om det \u00e4r den @!&#8217;\/:?#%$! utmaningen som g\u00e5r p\u00e5 Facebook om att h\u00e5lla sig borta 72 timmar. Varf\u00f6r l\u00e4mnar annars en snart ton\u00e5ring sin mobil hemma och liftar till stan?<br \/>\nS\u00e5 l\u00e4ser man att han \u00e4r funnen p\u00e5 Emporia i Malm\u00f6. Glad och varm om hj\u00e4rtat &#8211; det slutade lyckligt, jag kan sova. <strong>INTE<\/strong>! F\u00f6r n\u00e4 det var ju &#8221;kul&#8221; att driva med alla tydligen och skriva att han var funnen n\u00e4r k\u00f6pcentrat st\u00e4ngde f\u00f6r flera timmar sen. Ja, jag borde ifr\u00e5gasatt fyndet men jag ville ju s\u00e5 g\u00e4rna\u2026 Jag klarar inte av allt som h\u00e4nder! S\u00e4tt GPS-er i alla era barns kl\u00e4der\u2026 typ. Nyttja tekniken! G\u00f6r vad som helst! <\/p>\n<p>K\u00e4re gode Gud &#8211; h\u00e5ll dina h\u00e4nder runt Joel och andra f\u00f6rsvunna barn!<\/p>\n","protected":false},"excerpt":{"rendered":"<p>Inte nog med att jag lyckats dra p\u00e5 mig en lunginflammation som ger hosta fr\u00e5n &#8221;hell&#8221;, v\u00e4rk i kroppen (mer \u00e4n vanligt) och feber som g\u00f6r det sv\u00e5rt att ligga ner och sova. Halvsitta g\u00e5r s\u00e5d\u00e4r\u2026 Men just nu har &hellip; <a href=\"https:\/\/nillans.com\/?p=5125\">Forts\u00e4tt l\u00e4sa <span class=\"meta-nav\">&rarr;<\/span><\/a><\/p>\n","protected":false},"author":1,"featured_media":0,"comment_status":"open","ping_status":"open","sticky":false,"template":"","format":"standard","meta":{"footnotes":""},"categories":[24],"tags":[],"class_list":["post-5125","post","type-post","status-publish","format-standard","hentry","category-ledsamt"],"_links":{"self":[{"href":"https:\/\/nillans.com\/index.php?rest_route=\/wp\/v2\/posts\/5125","targetHints":{"allow":["GET"]}}],"collection":[{"href":"https:\/\/nillans.com\/index.php?rest_route=\/wp\/v2\/posts"}],"about":[{"href":"https:\/\/nillans.com\/index.php?rest_route=\/wp\/v2\/types\/post"}],"author":[{"embeddable":true,"href":"https:\/\/nillans.com\/index.php?rest_route=\/wp\/v2\/users\/1"}],"replies":[{"embeddable":true,"href":"https:\/\/nillans.com\/index.php?rest_route=%2Fwp%2Fv2%2Fcomments&post=5125"}],"version-history":[{"count":1,"href":"https:\/\/nillans.com\/index.php?rest_route=\/wp\/v2\/posts\/5125\/revisions"}],"predecessor-version":[{"id":5126,"href":"https:\/\/nillans.com\/index.php?rest_route=\/wp\/v2\/posts\/5125\/revisions\/5126"}],"wp:attachment":[{"href":"https:\/\/nillans.com\/index.php?rest_route=%2Fwp%2Fv2%2Fmedia&parent=5125"}],"wp:term":[{"taxonomy":"category","embeddable":true,"href":"https:\/\/nillans.com\/index.php?rest_route=%2Fwp%2Fv2%2Fcategories&post=5125"},{"taxonomy":"post_tag","embeddable":true,"href":"https:\/\/nillans.com\/index.php?rest_route=%2Fwp%2Fv2%2Ftags&post=5125"}],"curies":[{"name":"wp","href":"https:\/\/api.w.org\/{rel}","templated":true}]}}