{"id":5123,"date":"2015-06-12T12:46:00","date_gmt":"2015-06-12T10:46:00","guid":{"rendered":"http:\/\/nillans.com\/?p=5123"},"modified":"2015-06-12T01:47:36","modified_gmt":"2015-06-11T23:47:36","slug":"sommarfeeling","status":"publish","type":"post","link":"https:\/\/nillans.com\/?p=5123","title":{"rendered":"Sommarfeeling!!"},"content":{"rendered":"<p><a href=\"http:\/\/nillans.com\/wp-content\/uploads\/2015\/06\/wpid-wp-1434065454346.jpeg\"><img decoding=\"async\" title=\"wp-1434065454346\" class=\"alignnone size-full\"  alt=\"image\" src=\"http:\/\/nillans.com\/wp-content\/uploads\/2015\/06\/wpid-wp-1434065454346.jpeg\" \/><\/a><\/p>\n<p>Ljuva sommar! Jag m\u00e5ste visst sjunga trots f\u00f6rkylningen\u2026. &#x1f61c;<br \/>\n&#x1f3bc;&#x1f3b6;&#x1f3b5;<br \/>\n&#8221;<em>N\u00e4r solen den skiner en f\u00f6rsommar dag, d\u00e5 k\u00e4nner man sig s\u00e5 f\u00f6runderligt glad.<\/em><br \/>\n<em>Ty sorgen har flytt, allt str\u00e5lar I sol.<\/em><br \/>\n<em>Man gl\u00f6mmer bekymren och sn\u00f6n fr\u00e5n I fjol.<\/em><br \/>\n<em>Och man tar sig en tur uti v\u00e5rsolens sken.<\/em><br \/>\n<em>Ser blommor p\u00e5 marken och f\u00e5glar p\u00e5 gren.<\/em><br \/>\n<em>Ger \u00e4nderna mat och ler i kapp,<\/em><br \/>\n<em>med solen som nyss genom molnt\u00e4cket slapp.<\/em><br \/>\n<em>Och man t\u00e4nker s\u00e5 h\u00e4r, det \u00e4r ljuvligt \u00e4nd\u00e5, att leva fast inte det alltid \u00e4r s\u00e5,<\/em><br \/>\n<em>s\u00e5 h\u00e4r obeskrivligt sk\u00f6nt som idag,<\/em><br \/>\n<em>denna underbart str\u00e5lande f\u00f6rsommar dag.<\/em><\/p>\n<p><em>En s\u00f6t liten flicka p\u00e5 v\u00e5rpromenad,<\/em><br \/>\n<em>hon kisar mot solen som g\u00f6r henne glad.<\/em><br \/>\n<em>Hon k\u00e4nner sig yr av v\u00e5rsolens sken.<\/em><br \/>\n<em>Berusas av staren som sjunger fr\u00e5n gren.<\/em><br \/>\n<em>Och hon uppt\u00e4cker nu att livet \u00e4r sk\u00f6nt.<\/em><br \/>\n<em>Kastanjernas knoppar som skiftar i gr\u00f6nt, skall snart spricka ut och st\u00e5 som ljus, mot v\u00e5rkv\u00e4llens himmel och m\u00f6rkbl\u00e5a hus.<\/em><br \/>\n<em>Och hon t\u00e4nker s\u00e5 h\u00e4r, det \u00e4r turligt \u00e4nd\u00e5, att kappan jag k\u00f6pte, \u00e4r som himmelens bl\u00e5.<\/em><br \/>\n<em>Den sitter perfekt, den passar s\u00e5 bra, <\/em><br \/>\n<em>denna underbart str\u00e5lande f\u00f6rsommar dag.<\/em><\/p>\n<p><em>Hon l\u00e4ttar p\u00e5 kappan ger hatten en t\u00f6rn.<\/em><br \/>\n<em>G\u00e5r rakt mot en bil men den sn\u00e4lla chauff\u00f6r&#8217;n blir alls inte arg, han ler bara glatt.<\/em><br \/>\n<em>Det var kanske solen som spela ett spratt.<\/em><br \/>\n<em>Eller var det en s\u00e5ng fr\u00e5n f\u00e5glar p\u00e5 gren.<\/em><br \/>\n<em>Eller s\u00e5g han f\u00f6r mycket p\u00e5 flickebarns ben.<\/em><br \/>\n<em>Han vet inte alls vad som kom p\u00e5.<\/em><br \/>\n<em>Han ler f\u00f6r sig sj\u00e4lv och han t\u00e4nker som s\u00e5, jag tar p\u00e5 mig skulden, man \u00e4r v\u00e4l charm\u00f6r, Don Juan vid ratten och vet hur man g\u00f6r, mot alla sm\u00e5 ljuvliga flickor idag, denna underbart str\u00e5lande f\u00f6rsommar dag.<\/em><\/p>\n<p><em>Och flickan hon g\u00e5r ut I v\u00e5rsolens glans.<\/em><br \/>\n<em>En gladare flicka v\u00e4l aldrig det fanns.<\/em><br \/>\n<em>Hon k\u00e4nner sig n\u00f6jd, befriad och glad.<\/em><br \/>\n<em>Och solen den lyser p\u00e5 blommor och blad.<\/em><br \/>\n<em>En ok\u00e4nd hon m\u00f6ter f\u00e5r g\u00e4rna en blick,<\/em><br \/>\n<em>ur klarbl\u00e5a \u00f6gon men ocks\u00e5 en nick.<\/em><br \/>\n<em>Han v\u00e4nder sig om f\u00f6rvirrad och blyg.<\/em><br \/>\n<em>Var det kanske hon jag beundrat i smyg.<\/em><br \/>\n<em>Han v\u00e4nder men ack, flickan som nyss var d\u00e4r, \u00e4r borta med vinden det var en chim\u00e4r,<\/em><br \/>\n<em>det var bara solen som spela ett spratt,<\/em><br \/>\n<em>bland blommor och blad n\u00e4r den lekte ta fatt<\/em>&#8221;&#x1f3b5;<\/p>\n<p>Den visan har jag sjungit och spelat sen jag var ca 16. Det var som ett m\u00e5ste p\u00e5 f\u00f6rsommaren lixom&#8217;\u2026 ;)<img decoding=\"async\" src=\"http:\/\/nillans.com\/wp-content\/plugins\/wp-emoji\/emoji\/e022.png\" class=\"wp-emoji\" \/><\/p>\n","protected":false},"excerpt":{"rendered":"<p>Ljuva sommar! Jag m\u00e5ste visst sjunga trots f\u00f6rkylningen\u2026. &#x1f61c; &#x1f3bc;&#x1f3b6;&#x1f3b5; &#8221;N\u00e4r solen den skiner en f\u00f6rsommar dag, d\u00e5 k\u00e4nner man sig s\u00e5 f\u00f6runderligt glad. Ty sorgen har flytt, allt str\u00e5lar I sol. Man gl\u00f6mmer bekymren och sn\u00f6n fr\u00e5n I fjol. &hellip; <a href=\"https:\/\/nillans.com\/?p=5123\">Forts\u00e4tt l\u00e4sa <span class=\"meta-nav\">&rarr;<\/span><\/a><\/p>\n","protected":false},"author":1,"featured_media":0,"comment_status":"open","ping_status":"open","sticky":false,"template":"","format":"standard","meta":{"footnotes":""},"categories":[16,25,29,32],"tags":[],"class_list":["post-5123","post","type-post","status-publish","format-standard","hentry","category-gladje","category-lite-pa-skoj","category-minnen","category-musik"],"_links":{"self":[{"href":"https:\/\/nillans.com\/index.php?rest_route=\/wp\/v2\/posts\/5123","targetHints":{"allow":["GET"]}}],"collection":[{"href":"https:\/\/nillans.com\/index.php?rest_route=\/wp\/v2\/posts"}],"about":[{"href":"https:\/\/nillans.com\/index.php?rest_route=\/wp\/v2\/types\/post"}],"author":[{"embeddable":true,"href":"https:\/\/nillans.com\/index.php?rest_route=\/wp\/v2\/users\/1"}],"replies":[{"embeddable":true,"href":"https:\/\/nillans.com\/index.php?rest_route=%2Fwp%2Fv2%2Fcomments&post=5123"}],"version-history":[{"count":1,"href":"https:\/\/nillans.com\/index.php?rest_route=\/wp\/v2\/posts\/5123\/revisions"}],"predecessor-version":[{"id":5124,"href":"https:\/\/nillans.com\/index.php?rest_route=\/wp\/v2\/posts\/5123\/revisions\/5124"}],"wp:attachment":[{"href":"https:\/\/nillans.com\/index.php?rest_route=%2Fwp%2Fv2%2Fmedia&parent=5123"}],"wp:term":[{"taxonomy":"category","embeddable":true,"href":"https:\/\/nillans.com\/index.php?rest_route=%2Fwp%2Fv2%2Fcategories&post=5123"},{"taxonomy":"post_tag","embeddable":true,"href":"https:\/\/nillans.com\/index.php?rest_route=%2Fwp%2Fv2%2Ftags&post=5123"}],"curies":[{"name":"wp","href":"https:\/\/api.w.org\/{rel}","templated":true}]}}