{"id":5114,"date":"2015-06-12T01:11:13","date_gmt":"2015-06-11T23:11:13","guid":{"rendered":"http:\/\/nillans.com\/?p=5114"},"modified":"2015-06-12T01:23:56","modified_gmt":"2015-06-11T23:23:56","slug":"prickat-in-lite","status":"publish","type":"post","link":"https:\/\/nillans.com\/?p=5114","title":{"rendered":"Prickat in lite!"},"content":{"rendered":"<p>\u00c4ntligen ringde reumatologen!<br \/>\n\u00c4ntligen f\u00e5r jag ta min Orudis igen!<br \/>\nBlir det prickigt igen kan vi anse att det \u00e4r den som st\u00e4ller till det. D\u00e5 f\u00e5r vi ta tag i problemet d\u00e5\u2026<br \/>\nNu f\u00e5r jag \u00e5tminstone sm\u00e4rtlindring igen <img decoding=\"async\" src=\"http:\/\/nillans.com\/wp-content\/plugins\/wp-emoji\/emoji\/e022.png\" class=\"wp-emoji\" \/> Det har varit jobbiga dagar utan Orudis. Jag f\u00e5r forts\u00e4tta med Tavegylen s\u00e5 l\u00e4nge jag har behov av den. Kl\u00e5dan \u00e4r d\u00e4r omedelbart om jag l\u00e5ter bli att ta den trots att prickarna \u00e4r knappt synliga nu. <\/p>\n<p>Men redigt&#8217; gla&#8217; f\u00e5r jag inte vara. En gr\u00e4slig f\u00f6rkylning har flyttat in :'( Jag klarade vintern med aningens snuva bara, s\u00e5\u00e5\u00e5\u00e5 n\u00f6jd! Nu \u00e4r det mitten av juni, f\u00f6rsta sommarm\u00e5naden och jag har sv\u00e5r hosta, t\u00e4pp n\u00e4sa, skallebank och feber. V\u00e4rst \u00e4r hostnysningarna. Man b\u00f6rjar hosta och s\u00e5 dyker det upp 5-15 nysningar i ett enda p\u00e4rlband. Det finns lixom&#8217; varken syre eller ork att hostnysa! Har svimmat vid n\u00e5got tillf\u00e4lle av det\u2026  Sen kan man torka t\u00e5rarna som rinner och snyta sig ett par g\u00e5nger och h\u00e4mta andan som f\u00f6rsvann.<br \/>\n<a href=\"http:\/\/nillans.com\/wp-content\/uploads\/2015\/06\/wpid-wp-1434063040246.gif\"><img decoding=\"async\" title=\"wp-1434063040246\" class=\"alignnone size-full\"  alt=\"image\" src=\"http:\/\/nillans.com\/wp-content\/uploads\/2015\/06\/wpid-wp-1434063040246.gif\" \/><\/a><\/p>\n<p>Och vaaaad sker vid feber? Eller r\u00e4ttare sagt vad f\u00e5r inte ske p\u00e5 en torsdag med feber? Ingen MTX :'( D\u00e5 vet jag att n\u00e4sta vecka \u00e4r biverkningarna sn\u00e4ppet v\u00e4rre \u00e4n annars men har jag inget val s\u00e5 har jag inte\u2026 <\/p>\n<p>Atjo!\u2026. Host host\u2026 <a href=\"http:\/\/nillans.com\/wp-content\/uploads\/2015\/06\/wpid-wp-1434062861411.gif\"><img decoding=\"async\" title=\"wp-1434062861411\" class=\"alignnone size-full\"  alt=\"image\" src=\"http:\/\/nillans.com\/wp-content\/uploads\/2015\/06\/wpid-wp-1434062861411.gif\" \/><\/a><br \/>\nNu m\u00e5ste jag f\u00f6rs\u00f6ka sova lite. H\u00f6gl\u00e4ge, piller s\u00e5 det r\u00e4cker som till en halv middag, n\u00e4sdroppar\u2026 och lite s\u00f6mntabletter s\u00e5 kanske jag \u00e4r i lite b\u00e4ttre skick i morgon\u2026?! <\/p>\n<p><a href=\"http:\/\/nillans.com\/wp-content\/uploads\/2015\/06\/wpid-wp-1434064021447.gif\"><img decoding=\"async\" title=\"wp-1434064021447\" class=\"alignnone size-full\"  alt=\"image\" src=\"http:\/\/nillans.com\/wp-content\/uploads\/2015\/06\/wpid-wp-1434064021447.gif\" \/><\/a><\/p>\n<p><em>God natt! <\/em><br \/>\n<a href=\"http:\/\/nillans.com\/wp-content\/uploads\/2015\/06\/wpid-wp-1434064215914.gif\"><img decoding=\"async\" title=\"wp-1434064215914\" class=\"alignnone size-full\"  alt=\"image\" src=\"http:\/\/nillans.com\/wp-content\/uploads\/2015\/06\/wpid-wp-1434064215914.gif\" \/><\/a><\/p>\n","protected":false},"excerpt":{"rendered":"<p>\u00c4ntligen ringde reumatologen! \u00c4ntligen f\u00e5r jag ta min Orudis igen! Blir det prickigt igen kan vi anse att det \u00e4r den som st\u00e4ller till det. D\u00e5 f\u00e5r vi ta tag i problemet d\u00e5\u2026 Nu f\u00e5r jag \u00e5tminstone sm\u00e4rtlindring igen Det &hellip; <a href=\"https:\/\/nillans.com\/?p=5114\">Forts\u00e4tt l\u00e4sa <span class=\"meta-nav\">&rarr;<\/span><\/a><\/p>\n","protected":false},"author":1,"featured_media":0,"comment_status":"open","ping_status":"open","sticky":false,"template":"","format":"standard","meta":{"footnotes":""},"categories":[12,16,31,36,114,39,46],"tags":[],"class_list":["post-5114","post","type-post","status-publish","format-standard","hentry","category-envis","category-gladje","category-motvalls","category-ont","category-reumatism","category-sjuk","category-trott"],"_links":{"self":[{"href":"https:\/\/nillans.com\/index.php?rest_route=\/wp\/v2\/posts\/5114","targetHints":{"allow":["GET"]}}],"collection":[{"href":"https:\/\/nillans.com\/index.php?rest_route=\/wp\/v2\/posts"}],"about":[{"href":"https:\/\/nillans.com\/index.php?rest_route=\/wp\/v2\/types\/post"}],"author":[{"embeddable":true,"href":"https:\/\/nillans.com\/index.php?rest_route=\/wp\/v2\/users\/1"}],"replies":[{"embeddable":true,"href":"https:\/\/nillans.com\/index.php?rest_route=%2Fwp%2Fv2%2Fcomments&post=5114"}],"version-history":[{"count":3,"href":"https:\/\/nillans.com\/index.php?rest_route=\/wp\/v2\/posts\/5114\/revisions"}],"predecessor-version":[{"id":5117,"href":"https:\/\/nillans.com\/index.php?rest_route=\/wp\/v2\/posts\/5114\/revisions\/5117"}],"wp:attachment":[{"href":"https:\/\/nillans.com\/index.php?rest_route=%2Fwp%2Fv2%2Fmedia&parent=5114"}],"wp:term":[{"taxonomy":"category","embeddable":true,"href":"https:\/\/nillans.com\/index.php?rest_route=%2Fwp%2Fv2%2Fcategories&post=5114"},{"taxonomy":"post_tag","embeddable":true,"href":"https:\/\/nillans.com\/index.php?rest_route=%2Fwp%2Fv2%2Ftags&post=5114"}],"curies":[{"name":"wp","href":"https:\/\/api.w.org\/{rel}","templated":true}]}}