{"id":4998,"date":"2015-03-08T00:32:53","date_gmt":"2015-03-07T23:32:53","guid":{"rendered":"http:\/\/nillans.com\/?p=4998"},"modified":"2015-03-08T00:32:53","modified_gmt":"2015-03-07T23:32:53","slug":"firade-far-lite-sent","status":"publish","type":"post","link":"https:\/\/nillans.com\/?p=4998","title":{"rendered":"Firade far lite sent"},"content":{"rendered":"<p><a href=\"http:\/\/nillans.com\/wp-content\/uploads\/2015\/03\/wpid-wp-1425768338277.jpeg\"><img decoding=\"async\" title=\"wp-1425768338277\" class=\"alignnone size-full\"  alt=\"image\" src=\"http:\/\/nillans.com\/wp-content\/uploads\/2015\/03\/wpid-wp-1425768338277.jpeg\" \/><\/a><\/p>\n<p>Sv\u00e5ger R ringde f\u00f6r ett tag sedan och undrade om vi var lediga som idag. De t\u00e4nkte n\u00e4mligen ta med taco till mor och far f\u00f6r att fira fars f\u00f6delsedag. Jo, s\u00e5 undrade han om jag trodde mig orka att g\u00f6ra t\u00e5rta? S\u00e5 klart! R hade \u00f6nskem\u00e5l om Mexikanskt-inspirerad dekor, inget krav men en \u00f6nskan.<br \/>\nDet blidde&#8217; inget tema, eller jo det kanske man kan s\u00e4ga f\u00f6r jag fastnade totalt i choklad!<br \/>\nBotten \u00e4r min sedvanliga t\u00e5rtbotten;<br \/>\n4 \u00e4gg<br \/>\n2 dl socker<br \/>\n1 dl vetemj\u00f6l<br \/>\n1 dl potatismj\u00f6l<br \/>\n2 tsk bakpulver<br \/>\nMed till\u00e4gget 2 msk kakao<br \/>\n(<em>Till fars t\u00e5rta \u00e4r det 1.5 sats) <\/em><\/p>\n<p>N\u00e4r jag fyllde \u00e5r kom mor och far med t\u00e5rta till mig fr\u00e5n Boijertz i H\u00f6\u00f6r. D\u00e4r var en kolakr\u00e4m i ett lager p\u00e5 den. B\u00f6rjade fundera och leta. Fann ett recept som l\u00e4t f\u00f6r enkelt f\u00f6r att vara r\u00e4tt men so what &#8211; familjen \u00e4r van att vara f\u00f6rs\u00f6kskaniner &#x1f602;;)<br \/>\n3 dl vispgr\u00e4dde<br \/>\n1.5 dl socker<br \/>\n1 krm salt<br \/>\nKokas (ska bubbla) p\u00e5 svag v\u00e4rme i 15-30 min tills den blir seg. Jag vet inte om jag var f\u00f6r sn\u00e5l p\u00e5 v\u00e4rmen i b\u00f6rjan eller vad det berodde p\u00e5, det tog iaf 45 min f\u00f6r den att tjockna. Och med gr\u00e4dde p\u00e5 spisen f\u00e5r man inte v\u00e4nda ryggen till f\u00f6r antingen br\u00e4nner det eller kokar \u00f6ver. S\u00e5 jag stod d\u00e4r och r\u00f6rde och r\u00f6rde\u2026 i 45 minuter\u2026 och hoppades att den skulle vara v\u00e4rd jobbet.<br \/>\nN\u00e4r den svalnat n\u00e5got skulle 25 gr sm\u00f6r r\u00f6ras ner.<br \/>\nDen blev kanongod! Smakar sm\u00f6rkola! <\/p>\n<p>T\u00e5rtan t\u00e4cktes med chokladsm\u00f6rkr\u00e4m. Den gjordes med lite hittep\u00e5-tager-vad-man-haver. Sm\u00f6r, florsocker, philadelphiaost och sm\u00e4lt vit choklad.<br \/>\nKr\u00e4men f\u00e4rgades i gr\u00f6na nyanser och spritsades p\u00e5 kanterna. Uppe p\u00e5 \u00e4r det gr\u00e4ddrosor och sura jordgubbar. Med allt det j\u00e4ttes\u00f6ta var jordgubbarna ett friskt inslag. <\/p>\n<p>\u00c4ven om jag fortfarande fort blir tr\u00f6tt \u00e4r det kul n\u00e4r alla \u00e4r hemma.<br \/>\nTack f\u00f6r maten G &#038; R! &#x1f33a;<\/p>\n","protected":false},"excerpt":{"rendered":"<p>Sv\u00e5ger R ringde f\u00f6r ett tag sedan och undrade om vi var lediga som idag. De t\u00e4nkte n\u00e4mligen ta med taco till mor och far f\u00f6r att fira fars f\u00f6delsedag. Jo, s\u00e5 undrade han om jag trodde mig orka att &hellip; <a href=\"https:\/\/nillans.com\/?p=4998\">Forts\u00e4tt l\u00e4sa <span class=\"meta-nav\">&rarr;<\/span><\/a><\/p>\n","protected":false},"author":1,"featured_media":0,"comment_status":"open","ping_status":"open","sticky":false,"template":"","format":"standard","meta":{"footnotes":""},"categories":[13,16,33,42],"tags":[],"class_list":["post-4998","post","type-post","status-publish","format-standard","hentry","category-familj","category-gladje","category-mys-2","category-tartor"],"_links":{"self":[{"href":"https:\/\/nillans.com\/index.php?rest_route=\/wp\/v2\/posts\/4998","targetHints":{"allow":["GET"]}}],"collection":[{"href":"https:\/\/nillans.com\/index.php?rest_route=\/wp\/v2\/posts"}],"about":[{"href":"https:\/\/nillans.com\/index.php?rest_route=\/wp\/v2\/types\/post"}],"author":[{"embeddable":true,"href":"https:\/\/nillans.com\/index.php?rest_route=\/wp\/v2\/users\/1"}],"replies":[{"embeddable":true,"href":"https:\/\/nillans.com\/index.php?rest_route=%2Fwp%2Fv2%2Fcomments&post=4998"}],"version-history":[{"count":1,"href":"https:\/\/nillans.com\/index.php?rest_route=\/wp\/v2\/posts\/4998\/revisions"}],"predecessor-version":[{"id":4999,"href":"https:\/\/nillans.com\/index.php?rest_route=\/wp\/v2\/posts\/4998\/revisions\/4999"}],"wp:attachment":[{"href":"https:\/\/nillans.com\/index.php?rest_route=%2Fwp%2Fv2%2Fmedia&parent=4998"}],"wp:term":[{"taxonomy":"category","embeddable":true,"href":"https:\/\/nillans.com\/index.php?rest_route=%2Fwp%2Fv2%2Fcategories&post=4998"},{"taxonomy":"post_tag","embeddable":true,"href":"https:\/\/nillans.com\/index.php?rest_route=%2Fwp%2Fv2%2Ftags&post=4998"}],"curies":[{"name":"wp","href":"https:\/\/api.w.org\/{rel}","templated":true}]}}