{"id":4992,"date":"2015-03-03T23:34:57","date_gmt":"2015-03-03T22:34:57","guid":{"rendered":"http:\/\/nillans.com\/?p=4992"},"modified":"2015-03-03T23:34:57","modified_gmt":"2015-03-03T22:34:57","slug":"den-basta-arstiden-hagrar","status":"publish","type":"post","link":"https:\/\/nillans.com\/?p=4992","title":{"rendered":"Den b\u00e4sta \u00e5rstiden h\u00e4grar"},"content":{"rendered":"<p><a href=\"http:\/\/nillans.com\/wp-content\/uploads\/2015\/03\/wpid-wp-1425421425460.jpeg\"><img decoding=\"async\" title=\"wp-1425421425460\" class=\"alignnone size-full\"  alt=\"image\" src=\"http:\/\/nillans.com\/wp-content\/uploads\/2015\/03\/wpid-wp-1425421425460.jpeg\" \/><\/a><\/p>\n<p>V\u00e5ren \u00e4r den absolut b\u00e4sta \u00e5rstiden enligt mig. Trots pollenallergi s\u00e5 <strong>\u00e4lskar <\/strong>jag v\u00e5ren. Att se hur naturen vaknar. Att k\u00e4nna solen pussa kinden ljuvligt varm. Dofterna\u2026 n\u00e4r det doftar V\u00c5R \u00e4r underbart! Hela jag piggnar till n\u00e4r Gumman T\u00f6 har drivit Kung Bore p\u00e5 annat h\u00e5ll. Ja just i \u00e5r har ju Kung Bore inte hittat hela v\u00e4gen hit <em>(s\u00e5\u00e5\u00e5\u00e5 sk\u00f6nt).<\/em><\/p>\n<p>I morgon ska jag p\u00e5 ett annat st\u00e4lle och presentera mig och mina kunskaper. Jag hoppas v\u00e4ldigt mycket p\u00e5 detta &#8221;jobb&#8221;! Inte \u00e4r det p\u00e5 cykelavst\u00e5nd och inte \u00e4r det s\u00e5 kreativt i omgivningen som p\u00e5 det jag bes\u00f6kte idag. Jag har \u00e4nd\u00e5 f\u00f6rv\u00e4ntan och \u00f6nskan om platsen jag ska bes\u00f6ka. P\u00e5 s\u00e4tt och vis f\u00e5r jag forts\u00e4tta att hj\u00e4lpa, jag f\u00e5r skapa, fotografera med mera.<br \/>\nS\u00e5 h\u00e5ll tummarna gott folk! Kl 14 ons eftermiddag letar jag mig fram till min nya arbetsplats!<br \/>\n(<em>Positivt t\u00e4nkande\u2026 det du s\u00e4nder ut ekar tillbaka &#8211; jobbet \u00e4r mitt!) :);)<\/em><\/p>\n","protected":false},"excerpt":{"rendered":"<p>V\u00e5ren \u00e4r den absolut b\u00e4sta \u00e5rstiden enligt mig. Trots pollenallergi s\u00e5 \u00e4lskar jag v\u00e5ren. Att se hur naturen vaknar. Att k\u00e4nna solen pussa kinden ljuvligt varm. Dofterna\u2026 n\u00e4r det doftar V\u00c5R \u00e4r underbart! Hela jag piggnar till n\u00e4r Gumman T\u00f6 &hellip; <a href=\"https:\/\/nillans.com\/?p=4992\">Forts\u00e4tt l\u00e4sa <span class=\"meta-nav\">&rarr;<\/span><\/a><\/p>\n","protected":false},"author":1,"featured_media":0,"comment_status":"open","ping_status":"open","sticky":false,"template":"","format":"standard","meta":{"footnotes":""},"categories":[16,34],"tags":[],"class_list":["post-4992","post","type-post","status-publish","format-standard","hentry","category-gladje","category-natur"],"_links":{"self":[{"href":"https:\/\/nillans.com\/index.php?rest_route=\/wp\/v2\/posts\/4992","targetHints":{"allow":["GET"]}}],"collection":[{"href":"https:\/\/nillans.com\/index.php?rest_route=\/wp\/v2\/posts"}],"about":[{"href":"https:\/\/nillans.com\/index.php?rest_route=\/wp\/v2\/types\/post"}],"author":[{"embeddable":true,"href":"https:\/\/nillans.com\/index.php?rest_route=\/wp\/v2\/users\/1"}],"replies":[{"embeddable":true,"href":"https:\/\/nillans.com\/index.php?rest_route=%2Fwp%2Fv2%2Fcomments&post=4992"}],"version-history":[{"count":1,"href":"https:\/\/nillans.com\/index.php?rest_route=\/wp\/v2\/posts\/4992\/revisions"}],"predecessor-version":[{"id":4993,"href":"https:\/\/nillans.com\/index.php?rest_route=\/wp\/v2\/posts\/4992\/revisions\/4993"}],"wp:attachment":[{"href":"https:\/\/nillans.com\/index.php?rest_route=%2Fwp%2Fv2%2Fmedia&parent=4992"}],"wp:term":[{"taxonomy":"category","embeddable":true,"href":"https:\/\/nillans.com\/index.php?rest_route=%2Fwp%2Fv2%2Fcategories&post=4992"},{"taxonomy":"post_tag","embeddable":true,"href":"https:\/\/nillans.com\/index.php?rest_route=%2Fwp%2Fv2%2Ftags&post=4992"}],"curies":[{"name":"wp","href":"https:\/\/api.w.org\/{rel}","templated":true}]}}