{"id":4627,"date":"2014-08-13T21:24:40","date_gmt":"2014-08-13T20:24:40","guid":{"rendered":"http:\/\/nillans.com\/?p=4627"},"modified":"2014-08-13T21:24:40","modified_gmt":"2014-08-13T20:24:40","slug":"undrens-tid-ar-inte-forbi-2","status":"publish","type":"post","link":"https:\/\/nillans.com\/?p=4627","title":{"rendered":"Undrens tid \u00e4r inte f\u00f6rbi!"},"content":{"rendered":"<p>B\u00f6rjade dagen med att ringa FK och reda ut r\u00f6ran med felaktig blankett. Mycket trevlig gosse hj\u00e4lpte mig. V\u00e4ntan i k\u00f6 var dock inte lika kul n\u00e4r mobilen m\u00e5ste ligga p\u00e5 ljuslyktan p\u00e5 altanbordet och man sj\u00e4lv f\u00e5r pilla navelludd under tiden. <\/p>\n<p>Sen var det samtal till reumatologen. Jag \u00e4r redan sjukskriven men m\u00e5ste ha ytterligare sjukskrivning f\u00f6r utredningsveckan. J\u00f6sses s\u00e5 tungrott! <\/p>\n<p>Ja sen var det d\u00e5 Tele2\u2026 Jag PMade ett ganska ilsket meddelande till dem kl 8.40. S\u00e5g att det l\u00e4stes kl 9. Kl 11 p\u00e5talade jag att jag sett att de l\u00e4st varf\u00f6r inte svara mig?<br \/>\nS\u00e5 kom det vid 12 att teknikerna anser sig klara och att allt ska fungera.<br \/>\nN\u00e4pp&#8230; Lika d\u00f6tt som innan.<br \/>\nDrog ut alla sladdar och kopplade in enbart telefonen. Det funkade!<br \/>\nMen inte modemet :(<br \/>\nDrog ut allt igen och gick till f\u00e5glarna. N\u00e4r jag kom in pluggade jag in allt igen och JA! Jag hade \u00e5ter mitt bredband! Lycka! Det rasslade bara in ca 88 mail\u2026 <\/p>\n<p>En g\u00e5ng i tiden hade man inte Internet.<br \/>\nEn g\u00e5ng i tiden hade man uppringt modem.<br \/>\nDet var d\u00e5 det\u2026<br \/>\nJag har verkligen saknat mitt bredband, mmm, det har jag!<br \/>\nI-landsproblem, jag vet :\/<\/p>\n","protected":false},"excerpt":{"rendered":"<p>B\u00f6rjade dagen med att ringa FK och reda ut r\u00f6ran med felaktig blankett. Mycket trevlig gosse hj\u00e4lpte mig. V\u00e4ntan i k\u00f6 var dock inte lika kul n\u00e4r mobilen m\u00e5ste ligga p\u00e5 ljuslyktan p\u00e5 altanbordet och man sj\u00e4lv f\u00e5r pilla navelludd &hellip; <a href=\"https:\/\/nillans.com\/?p=4627\">Forts\u00e4tt l\u00e4sa <span class=\"meta-nav\">&rarr;<\/span><\/a><\/p>\n","protected":false},"author":1,"featured_media":0,"comment_status":"open","ping_status":"closed","sticky":false,"template":"","format":"standard","meta":{"footnotes":""},"categories":[16],"tags":[],"class_list":["post-4627","post","type-post","status-publish","format-standard","hentry","category-gladje"],"_links":{"self":[{"href":"https:\/\/nillans.com\/index.php?rest_route=\/wp\/v2\/posts\/4627","targetHints":{"allow":["GET"]}}],"collection":[{"href":"https:\/\/nillans.com\/index.php?rest_route=\/wp\/v2\/posts"}],"about":[{"href":"https:\/\/nillans.com\/index.php?rest_route=\/wp\/v2\/types\/post"}],"author":[{"embeddable":true,"href":"https:\/\/nillans.com\/index.php?rest_route=\/wp\/v2\/users\/1"}],"replies":[{"embeddable":true,"href":"https:\/\/nillans.com\/index.php?rest_route=%2Fwp%2Fv2%2Fcomments&post=4627"}],"version-history":[{"count":0,"href":"https:\/\/nillans.com\/index.php?rest_route=\/wp\/v2\/posts\/4627\/revisions"}],"wp:attachment":[{"href":"https:\/\/nillans.com\/index.php?rest_route=%2Fwp%2Fv2%2Fmedia&parent=4627"}],"wp:term":[{"taxonomy":"category","embeddable":true,"href":"https:\/\/nillans.com\/index.php?rest_route=%2Fwp%2Fv2%2Fcategories&post=4627"},{"taxonomy":"post_tag","embeddable":true,"href":"https:\/\/nillans.com\/index.php?rest_route=%2Fwp%2Fv2%2Ftags&post=4627"}],"curies":[{"name":"wp","href":"https:\/\/api.w.org\/{rel}","templated":true}]}}