{"id":4585,"date":"2014-07-21T09:40:00","date_gmt":"2014-07-21T08:40:00","guid":{"rendered":"http:\/\/nillans.com\/?p=4585"},"modified":"2014-07-21T09:40:00","modified_gmt":"2014-07-21T08:40:00","slug":"odlararvet","status":"publish","type":"post","link":"https:\/\/nillans.com\/?p=4585","title":{"rendered":"Odlararvet"},"content":{"rendered":"<p>N\u00e5gonstans finns arvet efter generationer av b\u00f6nder i mitt blod. Jag vill odla, \u00e4ta hemmaodlade gr\u00f6nsaker, frukter och b\u00e4r. Sk\u00f6tseln \u00e4r inte lika lockande men n\u00e4r man ser resultaten\u2026 <strong>d\u00e5<\/strong> \u00e4r all m\u00f6da v\u00e4rd! <\/p>\n<p><a href=\"http:\/\/nillans.com\/wp-content\/uploads\/2014\/07\/wpid-20140720_202633.jpg\"><img decoding=\"async\" title=\"20140720_202633.jpg\" class=\"alignnone size-full\" alt=\"image\" src=\"http:\/\/nillans.com\/wp-content\/uploads\/2014\/07\/wpid-20140720_202633.jpg\" \/><\/a><\/p>\n<p>Chilin \u00e4r inte stor men klar. Dags att g\u00f6ra en het gryta till middag en dag! <\/p>\n<p><a href=\"http:\/\/nillans.com\/wp-content\/uploads\/2014\/07\/wpid-20140720_202622.jpg\"><img decoding=\"async\" title=\"20140720_202622.jpg\" class=\"alignnone size-full\" alt=\"image\" src=\"http:\/\/nillans.com\/wp-content\/uploads\/2014\/07\/wpid-20140720_202622.jpg\" \/><\/a><\/p>\n<p>Paprikorna \u00e4r inte heller stora men ska bara gulna s\u00e5 ska jag njuta p\u00e5 ostmacka eller i en sallad! <\/p>\n<p><a href=\"http:\/\/nillans.com\/wp-content\/uploads\/2014\/07\/wpid-20140720_202614.jpg\"><img decoding=\"async\" title=\"20140720_202614.jpg\" class=\"alignnone size-full\" alt=\"image\" src=\"http:\/\/nillans.com\/wp-content\/uploads\/2014\/07\/wpid-20140720_202614.jpg\" \/><\/a><\/p>\n<p>Ja inte \u00e4r det EU-gurkor jag odlar iaf! De \u00e4r krokiga och sm\u00e5. Undrar n\u00e4r man kan sk\u00f6rda? F\u00e5r fr\u00e5ga fadern.. T\u00e4nk egen gurka p\u00e5 en levetpastejmacka! Mmmmm\u2026. <\/p>\n<p>Potatisen \u00e4r s\u00e5 stora att vi ska ha bakpotatis en dag. H\u00e4rligt!<\/p>\n","protected":false},"excerpt":{"rendered":"<p>N\u00e5gonstans finns arvet efter generationer av b\u00f6nder i mitt blod. Jag vill odla, \u00e4ta hemmaodlade gr\u00f6nsaker, frukter och b\u00e4r. Sk\u00f6tseln \u00e4r inte lika lockande men n\u00e4r man ser resultaten\u2026 d\u00e5 \u00e4r all m\u00f6da v\u00e4rd! Chilin \u00e4r inte stor men klar. &hellip; <a href=\"https:\/\/nillans.com\/?p=4585\">Forts\u00e4tt l\u00e4sa <span class=\"meta-nav\">&rarr;<\/span><\/a><\/p>\n","protected":false},"author":1,"featured_media":0,"comment_status":"open","ping_status":"closed","sticky":false,"template":"","format":"standard","meta":{"footnotes":""},"categories":[16,26,27,33,45],"tags":[],"class_list":["post-4585","post","type-post","status-publish","format-standard","hentry","category-gladje","category-livet","category-mat","category-mys-2","category-tradgard"],"_links":{"self":[{"href":"https:\/\/nillans.com\/index.php?rest_route=\/wp\/v2\/posts\/4585","targetHints":{"allow":["GET"]}}],"collection":[{"href":"https:\/\/nillans.com\/index.php?rest_route=\/wp\/v2\/posts"}],"about":[{"href":"https:\/\/nillans.com\/index.php?rest_route=\/wp\/v2\/types\/post"}],"author":[{"embeddable":true,"href":"https:\/\/nillans.com\/index.php?rest_route=\/wp\/v2\/users\/1"}],"replies":[{"embeddable":true,"href":"https:\/\/nillans.com\/index.php?rest_route=%2Fwp%2Fv2%2Fcomments&post=4585"}],"version-history":[{"count":0,"href":"https:\/\/nillans.com\/index.php?rest_route=\/wp\/v2\/posts\/4585\/revisions"}],"wp:attachment":[{"href":"https:\/\/nillans.com\/index.php?rest_route=%2Fwp%2Fv2%2Fmedia&parent=4585"}],"wp:term":[{"taxonomy":"category","embeddable":true,"href":"https:\/\/nillans.com\/index.php?rest_route=%2Fwp%2Fv2%2Fcategories&post=4585"},{"taxonomy":"post_tag","embeddable":true,"href":"https:\/\/nillans.com\/index.php?rest_route=%2Fwp%2Fv2%2Ftags&post=4585"}],"curies":[{"name":"wp","href":"https:\/\/api.w.org\/{rel}","templated":true}]}}