{"id":4218,"date":"2014-02-08T10:59:53","date_gmt":"2014-02-08T09:59:53","guid":{"rendered":"http:\/\/nillans.com\/?p=4218"},"modified":"2014-02-08T10:59:53","modified_gmt":"2014-02-08T09:59:53","slug":"minnas-sin-barndom","status":"publish","type":"post","link":"https:\/\/nillans.com\/?p=4218","title":{"rendered":"Minnas sin barndom"},"content":{"rendered":"<p>Syster och jag vandrar minnens v\u00e4g via chatten. Jag minns inte en filt som mina systrar anv\u00e4nde hos farmor och farfar. Hon minns inte den jag anv\u00e4nde.<\/p>\n<p>Konstaterade att vi har annat av vikt p\u00e5 v\u00e5r h\u00e5rddisk s\u00e5 som<\/p>\n<p>*doften av farmor (4711) och puder<br \/>\n* farfars trygga arm omkring en<br \/>\n* stearinljuset p\u00e5 diskb\u00e4nken varje natt f\u00f6r att vi skulle hitta till toa<br \/>\n* sl\u00e4ktmiddagarna med brummande Birger som underh\u00e5ller med anekdoter och sl\u00e4kthistoria. Farmors goda stek och s\u00f6nderkokta potatisar. Obligatoriskt luktande p\u00e5 konjaken som serverades till kaffet.<br \/>\n* j\u00e4rnsmaken p\u00e5 vattnet<br \/>\n* sitta med morfar i k\u00f6rsb\u00e4rstr\u00e4det<br \/>\n* \u00e5ka h\u00f6lass i N\u00e5thult och S\u00f6vr\u00f6d<br \/>\n* vandra l\u00e4ngs v\u00e4gen i N\u00e5thult och plocka b\u00e5de bl\u00e5b\u00e4r och smultron, hitta l\u00e4ngsta str\u00e5et att tr\u00e4 dem p\u00e5<br \/>\n* att trotsa f\u00f6rbudet att g\u00e5 till skogsdungen f\u00f6r d\u00e4r var ormar ;)<br \/>\n* sp\u00e4nningen av att trotsa f\u00f6rbudet att g\u00e5 in p\u00e5 logen f\u00f6r det var f\u00f6r d\u00e5ligt golv d\u00e4r inne.<br \/>\n* utedasset d\u00e4r man inte satt l\u00e4ngre \u00e4n n\u00f6dv\u00e4ndigt och absolut v\u00e4grade g\u00e5 till n\u00e4r getingarna byggde bo.<br \/>\n* farmors Hiramsylt och mormors jordgubbssaft<br \/>\n* farmors krabelurer och mormors rullader! \u00c5hhh&#8230;<br \/>\n* mormors o\u00e4ndliga t\u00e5lamod att l\u00e4ra mig knyppla<br \/>\n* farmors f\u00f6rtvivlan n\u00e4r vi gav henne en daggmask (enda djuret hon inte tyckte om&#8230;tror jag)<br \/>\n* doften inomhus i N\u00e5thult och doften av blomstren utanf\u00f6r!<br \/>\n* \u00e5ka skidor med mor och far och dricka varm choklad (inte O&#8217;boy) med korvmacka p\u00e5 en stubbe mitt i vintern.<br \/>\n* komma hem en fredag fr\u00e5n en usel skolvecka, s\u00e4tta sig p\u00e5 pallen och gr\u00e5ta lite samtidigt som man f\u00e5r &#8221;rumpan&#8221; p\u00e5 bulldegen. Doftar det bullar i mitt hem doftar det mor och barndom&#8230;<\/p>\n<p>Jag skulle v\u00e4ldigt g\u00e4rna kunna g\u00f6ra korta bes\u00f6ka i min barndom!<br \/>\nAtt f\u00e5 s\u00e4ga hej, krama om de som inte l\u00e4ngre finns hos oss. Att \u00e4n en g\u00e5ng f\u00e5 skratta, smaka, lukta, h\u00e4mta endorfiner fr\u00e5n&#8230;en underbar barndom.<br \/>\nJa skolbiten hade jag hoppat \u00f6ver&#8230;min f\u00f6rsta fr\u00f6ken hade varit j\u00e4ttekul att tr\u00e4ffa men resten av skoltiden \u00e4r ett stort m\u00f6rker och delvis anledning till att jag m\u00e5r som jag g\u00f6r idag.<\/p>\n<p>Vilka minnen har dagens barn med sig?<br \/>\nF\u00f6rhoppningsvis en hel del av det jag har minnen av men jag tvivlar&#8230;<br \/>\nIngen pressar l\u00f6sbalar idag och det \u00e4r liiiite jobbigt att skutta runt bland rundbalar, kasta sig bakl\u00e4nges och k\u00e4nna h\u00f6doften och se svalorna h\u00f6gt ovanf\u00f6r en.<br \/>\nF\u00e5 kokar sylt och saft sj\u00e4lv idag &#8211; det finns ju i aff\u00e4ren.<\/p>\n<p>Jag s\u00f6rjer verkligen inte att vi inte hade r\u00e5d att \u00e5ka till fj\u00e4llen eller Mallorca &#8211; vi fick s\u00e5 mycket annat som kryddats med det b\u00e4sta &#8211; k\u00e4rlek!<br \/>\nTACK!<\/p>\n","protected":false},"excerpt":{"rendered":"<p>Syster och jag vandrar minnens v\u00e4g via chatten. Jag minns inte en filt som mina systrar anv\u00e4nde hos farmor och farfar. Hon minns inte den jag anv\u00e4nde. Konstaterade att vi har annat av vikt p\u00e5 v\u00e5r h\u00e5rddisk s\u00e5 som *doften &hellip; <a href=\"https:\/\/nillans.com\/?p=4218\">Forts\u00e4tt l\u00e4sa <span class=\"meta-nav\">&rarr;<\/span><\/a><\/p>\n","protected":false},"author":1,"featured_media":0,"comment_status":"open","ping_status":"closed","sticky":false,"template":"","format":"standard","meta":{"footnotes":""},"categories":[13,16,21,26,33],"tags":[],"class_list":["post-4218","post","type-post","status-publish","format-standard","hentry","category-familj","category-gladje","category-karlek-2","category-livet","category-mys-2"],"_links":{"self":[{"href":"https:\/\/nillans.com\/index.php?rest_route=\/wp\/v2\/posts\/4218","targetHints":{"allow":["GET"]}}],"collection":[{"href":"https:\/\/nillans.com\/index.php?rest_route=\/wp\/v2\/posts"}],"about":[{"href":"https:\/\/nillans.com\/index.php?rest_route=\/wp\/v2\/types\/post"}],"author":[{"embeddable":true,"href":"https:\/\/nillans.com\/index.php?rest_route=\/wp\/v2\/users\/1"}],"replies":[{"embeddable":true,"href":"https:\/\/nillans.com\/index.php?rest_route=%2Fwp%2Fv2%2Fcomments&post=4218"}],"version-history":[{"count":0,"href":"https:\/\/nillans.com\/index.php?rest_route=\/wp\/v2\/posts\/4218\/revisions"}],"wp:attachment":[{"href":"https:\/\/nillans.com\/index.php?rest_route=%2Fwp%2Fv2%2Fmedia&parent=4218"}],"wp:term":[{"taxonomy":"category","embeddable":true,"href":"https:\/\/nillans.com\/index.php?rest_route=%2Fwp%2Fv2%2Fcategories&post=4218"},{"taxonomy":"post_tag","embeddable":true,"href":"https:\/\/nillans.com\/index.php?rest_route=%2Fwp%2Fv2%2Ftags&post=4218"}],"curies":[{"name":"wp","href":"https:\/\/api.w.org\/{rel}","templated":true}]}}