{"id":4212,"date":"2014-02-03T21:24:16","date_gmt":"2014-02-03T20:24:16","guid":{"rendered":"http:\/\/nillans.com\/?p=4212"},"modified":"2014-02-03T21:24:16","modified_gmt":"2014-02-03T20:24:16","slug":"det-kliar-i-fingrarna","status":"publish","type":"post","link":"https:\/\/nillans.com\/?p=4212","title":{"rendered":"Det kliar i fingrarna!"},"content":{"rendered":"<p><a href=\"http:\/\/nillans.com\/wp-content\/uploads\/2014\/02\/wpid-2014-02-03-21.19.16.jpg.jpeg\"><img decoding=\"async\" title=\"2014-02-03 21.19.16.jpg\" class=\"alignnone size-full\" alt=\"image\" src=\"http:\/\/nillans.com\/wp-content\/uploads\/2014\/02\/wpid-2014-02-03-21.19.16.jpg.jpeg\" \/><\/a><\/p>\n<p>&#8221;Tiny Tim&#8221; fick f\u00f6lja med hem idag. Jag m\u00e5ste f\u00e5 s\u00e4tta ig\u00e5ng och gr\u00e4va med fingrarna i jord. Jag m\u00e5ste f\u00e5 se hur n\u00e5got vaknar till liv av dagarna som blir l\u00e4ngre.<br \/>\nMin k\u00e4rlek har ju varit tomatodlare och tjatar alltid om hur jobbigt det var att tjuva plantorna. Lille Tim ska inte tjuvas ;-) Bra val! Tror jag\u2026<br \/>\nI v\u00e4ntan p\u00e5 att tr\u00e4dg\u00e5rdslandet ska vakna ska jag b\u00f6rja rita upp var jag vill ha allt. Vilka fr\u00f6er ska inhandlas? <\/p>\n<p><strong>Det kliar i fingrarna! <\/strong><\/p>\n","protected":false},"excerpt":{"rendered":"<p>&#8221;Tiny Tim&#8221; fick f\u00f6lja med hem idag. Jag m\u00e5ste f\u00e5 s\u00e4tta ig\u00e5ng och gr\u00e4va med fingrarna i jord. Jag m\u00e5ste f\u00e5 se hur n\u00e5got vaknar till liv av dagarna som blir l\u00e4ngre. Min k\u00e4rlek har ju varit tomatodlare och tjatar &hellip; <a href=\"https:\/\/nillans.com\/?p=4212\">Forts\u00e4tt l\u00e4sa <span class=\"meta-nav\">&rarr;<\/span><\/a><\/p>\n","protected":false},"author":1,"featured_media":0,"comment_status":"open","ping_status":"closed","sticky":false,"template":"","format":"standard","meta":{"footnotes":""},"categories":[15,16,34,45],"tags":[],"class_list":["post-4212","post","type-post","status-publish","format-standard","hentry","category-fundersamt","category-gladje","category-natur","category-tradgard"],"_links":{"self":[{"href":"https:\/\/nillans.com\/index.php?rest_route=\/wp\/v2\/posts\/4212","targetHints":{"allow":["GET"]}}],"collection":[{"href":"https:\/\/nillans.com\/index.php?rest_route=\/wp\/v2\/posts"}],"about":[{"href":"https:\/\/nillans.com\/index.php?rest_route=\/wp\/v2\/types\/post"}],"author":[{"embeddable":true,"href":"https:\/\/nillans.com\/index.php?rest_route=\/wp\/v2\/users\/1"}],"replies":[{"embeddable":true,"href":"https:\/\/nillans.com\/index.php?rest_route=%2Fwp%2Fv2%2Fcomments&post=4212"}],"version-history":[{"count":0,"href":"https:\/\/nillans.com\/index.php?rest_route=\/wp\/v2\/posts\/4212\/revisions"}],"wp:attachment":[{"href":"https:\/\/nillans.com\/index.php?rest_route=%2Fwp%2Fv2%2Fmedia&parent=4212"}],"wp:term":[{"taxonomy":"category","embeddable":true,"href":"https:\/\/nillans.com\/index.php?rest_route=%2Fwp%2Fv2%2Fcategories&post=4212"},{"taxonomy":"post_tag","embeddable":true,"href":"https:\/\/nillans.com\/index.php?rest_route=%2Fwp%2Fv2%2Ftags&post=4212"}],"curies":[{"name":"wp","href":"https:\/\/api.w.org\/{rel}","templated":true}]}}