{"id":4155,"date":"2013-12-26T15:59:29","date_gmt":"2013-12-26T14:59:29","guid":{"rendered":"http:\/\/nillans.com\/?p=4155"},"modified":"2013-12-26T15:59:29","modified_gmt":"2013-12-26T14:59:29","slug":"idiotisk-handterapi-2","status":"publish","type":"post","link":"https:\/\/nillans.com\/?p=4155","title":{"rendered":"Idiotisk handterapi?"},"content":{"rendered":"<p><a href=\"http:\/\/nillans.com\/wp-content\/uploads\/2013\/12\/wpid-20131226_1550541.jpg\"><img decoding=\"async\" title=\"20131226_155054.jpg\" class=\"alignnone size-full\" alt=\"image\" src=\"http:\/\/nillans.com\/wp-content\/uploads\/2013\/12\/wpid-20131226_1550541.jpg\" \/><\/a><\/p>\n<p>Ja, jag blir ju l\u00e4tt rastl\u00f6s\u2026\u00a0 Halsdukarna \u00e4r f\u00e4rdiga och l\u00e4mnade.<br \/>\nS\u00e5 nu sitter jag med m\u00f6nsterstickning! Det har jag inte gjort p\u00e5 ca tio \u00e5r! Och vem vill ha en orange kofta i ungef\u00e4r storlek 110? Hahahaha\u2026 i v\u00e4rsta fall f\u00e5r jag sk\u00e4nka den till Litauen :P<br \/>\nJaja, h\u00e4nderna \u00e4r lugna och hj\u00e4lpstickan kommer f\u00f6rmodligen att sitta i h\u00e5ret n\u00e4r jag g\u00e5r till kojs ikv\u00e4ll ;-)<br \/>\nAnnandag jul g\u00e5r ocks\u00e5 i lugnet, myset och stressfrihetens anda. Sk\u00f6\u00f6\u00f6\u00f6\u00f6nt!<\/p>\n","protected":false},"excerpt":{"rendered":"<p>Ja, jag blir ju l\u00e4tt rastl\u00f6s\u2026\u00a0 Halsdukarna \u00e4r f\u00e4rdiga och l\u00e4mnade. S\u00e5 nu sitter jag med m\u00f6nsterstickning! Det har jag inte gjort p\u00e5 ca tio \u00e5r! Och vem vill ha en orange kofta i ungef\u00e4r storlek 110? Hahahaha\u2026 i v\u00e4rsta &hellip; <a href=\"https:\/\/nillans.com\/?p=4155\">Forts\u00e4tt l\u00e4sa <span class=\"meta-nav\">&rarr;<\/span><\/a><\/p>\n","protected":false},"author":1,"featured_media":0,"comment_status":"open","ping_status":"closed","sticky":false,"template":"","format":"standard","meta":{"footnotes":""},"categories":[14,15,20,22,33],"tags":[],"class_list":["post-4155","post","type-post","status-publish","format-standard","hentry","category-for-en-god-sak","category-fundersamt","category-jul","category-kreativt","category-mys-2"],"_links":{"self":[{"href":"https:\/\/nillans.com\/index.php?rest_route=\/wp\/v2\/posts\/4155","targetHints":{"allow":["GET"]}}],"collection":[{"href":"https:\/\/nillans.com\/index.php?rest_route=\/wp\/v2\/posts"}],"about":[{"href":"https:\/\/nillans.com\/index.php?rest_route=\/wp\/v2\/types\/post"}],"author":[{"embeddable":true,"href":"https:\/\/nillans.com\/index.php?rest_route=\/wp\/v2\/users\/1"}],"replies":[{"embeddable":true,"href":"https:\/\/nillans.com\/index.php?rest_route=%2Fwp%2Fv2%2Fcomments&post=4155"}],"version-history":[{"count":0,"href":"https:\/\/nillans.com\/index.php?rest_route=\/wp\/v2\/posts\/4155\/revisions"}],"wp:attachment":[{"href":"https:\/\/nillans.com\/index.php?rest_route=%2Fwp%2Fv2%2Fmedia&parent=4155"}],"wp:term":[{"taxonomy":"category","embeddable":true,"href":"https:\/\/nillans.com\/index.php?rest_route=%2Fwp%2Fv2%2Fcategories&post=4155"},{"taxonomy":"post_tag","embeddable":true,"href":"https:\/\/nillans.com\/index.php?rest_route=%2Fwp%2Fv2%2Ftags&post=4155"}],"curies":[{"name":"wp","href":"https:\/\/api.w.org\/{rel}","templated":true}]}}