{"id":3921,"date":"2013-09-12T19:21:47","date_gmt":"2013-09-12T18:21:47","guid":{"rendered":"http:\/\/nillans.com\/?p=3921"},"modified":"2013-09-12T19:21:47","modified_gmt":"2013-09-12T18:21:47","slug":"en-harlig-promenad","status":"publish","type":"post","link":"https:\/\/nillans.com\/?p=3921","title":{"rendered":"En h\u00e4rlig promenad"},"content":{"rendered":"<p>Idag gick jag fr\u00e5n Land\u00f6n till Vanneberga f\u00f6r att h\u00e4mta makens bil.<br \/>\nDet s\u00e5g svart ut p\u00e5 himlen p\u00e5 f\u00f6rmiddagen och jag trodde jag skulle beh\u00f6va ha regnkl\u00e4der p\u00e5 mig.<br \/>\nMen r\u00e4tt vad det var l\u00f6s solen :) \u263c<br \/>\nH\u00e4rligt!!<\/p>\n<div id=\"attachment_3922\" style=\"width: 610px\" class=\"wp-caption alignnone\"><a href=\"http:\/\/nillans.com\/wp-content\/uploads\/2013\/09\/co_P1000162.jpg\"><img loading=\"lazy\" decoding=\"async\" aria-describedby=\"caption-attachment-3922\" class=\"size-full wp-image-3922\" alt=\"\" src=\"http:\/\/nillans.com\/wp-content\/uploads\/2013\/09\/co_P1000162.jpg\" width=\"600\" height=\"430\" srcset=\"https:\/\/nillans.com\/wp-content\/uploads\/2013\/09\/co_P1000162.jpg 600w, https:\/\/nillans.com\/wp-content\/uploads\/2013\/09\/co_P1000162-300x215.jpg 300w\" sizes=\"auto, (max-width: 600px) 100vw, 600px\" \/><\/a><p id=\"caption-attachment-3922\" class=\"wp-caption-text\">Korna \u00e4r underbara. N\u00e4r de ser mig komma b\u00f6rjar de tungt och klumpigt galoppera mot mig. Det fyller mig med barndomsminnen fr\u00e5n S\u00f6vr\u00f6d, Solg\u00e5rden, Korsar\u00f6d och till viss del \u00e4ven N\u00e5thult.<\/p><\/div>\n<div id=\"attachment_3923\" style=\"width: 610px\" class=\"wp-caption alignnone\"><a href=\"http:\/\/nillans.com\/wp-content\/uploads\/2013\/09\/co_P1000167.jpg\"><img loading=\"lazy\" decoding=\"async\" aria-describedby=\"caption-attachment-3923\" class=\"size-full wp-image-3923\" alt=\"\" src=\"http:\/\/nillans.com\/wp-content\/uploads\/2013\/09\/co_P1000167.jpg\" width=\"600\" height=\"458\" srcset=\"https:\/\/nillans.com\/wp-content\/uploads\/2013\/09\/co_P1000167.jpg 600w, https:\/\/nillans.com\/wp-content\/uploads\/2013\/09\/co_P1000167-300x229.jpg 300w\" sizes=\"auto, (max-width: 600px) 100vw, 600px\" \/><\/a><p id=\"caption-attachment-3923\" class=\"wp-caption-text\">N\u00e5gon som vet vad det \u00e4r f\u00f6r en blomma? (Jag vet&#8230;.)<\/p><\/div>\n<div id=\"attachment_3924\" style=\"width: 610px\" class=\"wp-caption alignnone\"><a href=\"http:\/\/nillans.com\/wp-content\/uploads\/2013\/09\/co_P1000168.jpg\"><img loading=\"lazy\" decoding=\"async\" aria-describedby=\"caption-attachment-3924\" class=\"size-full wp-image-3924\" alt=\"\" src=\"http:\/\/nillans.com\/wp-content\/uploads\/2013\/09\/co_P1000168.jpg\" width=\"600\" height=\"800\" srcset=\"https:\/\/nillans.com\/wp-content\/uploads\/2013\/09\/co_P1000168.jpg 600w, https:\/\/nillans.com\/wp-content\/uploads\/2013\/09\/co_P1000168-225x300.jpg 225w\" sizes=\"auto, (max-width: 600px) 100vw, 600px\" \/><\/a><p id=\"caption-attachment-3924\" class=\"wp-caption-text\">Nu b\u00f6rjar sakta alla ljuva h\u00f6stf\u00e4rger komma! Undrar om jag kan lyckas ta mitt \u00f6nskefoto i \u00e5r d\u00e5? (Skog brinnande av h\u00f6stf\u00e4rger med en m\u00f6rk himmel bakom och en str\u00e5lande sol som belyser allt.)<\/p><\/div>\n<div id=\"attachment_3925\" style=\"width: 610px\" class=\"wp-caption alignnone\"><a href=\"http:\/\/nillans.com\/wp-content\/uploads\/2013\/09\/co_P1000169.jpg\"><img loading=\"lazy\" decoding=\"async\" aria-describedby=\"caption-attachment-3925\" class=\"size-full wp-image-3925\" alt=\"\" src=\"http:\/\/nillans.com\/wp-content\/uploads\/2013\/09\/co_P1000169.jpg\" width=\"600\" height=\"769\" srcset=\"https:\/\/nillans.com\/wp-content\/uploads\/2013\/09\/co_P1000169.jpg 600w, https:\/\/nillans.com\/wp-content\/uploads\/2013\/09\/co_P1000169-234x300.jpg 234w\" sizes=\"auto, (max-width: 600px) 100vw, 600px\" \/><\/a><p id=\"caption-attachment-3925\" class=\"wp-caption-text\">Den d\u00e4r skylten hade jag velat ha! Ja, jag hade kunnat t\u00e4nka mig att ha hela huset och \u00f6ppna upp det gamla fiket. Med gamla dukar, gammalt porslin och kakor fr\u00e5n gammal tid &lt;3<\/p><\/div>\n<div id=\"attachment_3926\" style=\"width: 610px\" class=\"wp-caption alignnone\"><a href=\"http:\/\/nillans.com\/wp-content\/uploads\/2013\/09\/co_P1000170.jpg\"><img loading=\"lazy\" decoding=\"async\" aria-describedby=\"caption-attachment-3926\" class=\"size-full wp-image-3926\" alt=\"\" src=\"http:\/\/nillans.com\/wp-content\/uploads\/2013\/09\/co_P1000170.jpg\" width=\"600\" height=\"476\" srcset=\"https:\/\/nillans.com\/wp-content\/uploads\/2013\/09\/co_P1000170.jpg 600w, https:\/\/nillans.com\/wp-content\/uploads\/2013\/09\/co_P1000170-300x238.jpg 300w\" sizes=\"auto, (max-width: 600px) 100vw, 600px\" \/><\/a><p id=\"caption-attachment-3926\" class=\"wp-caption-text\">Fl\u00e4derb\u00e4ren h\u00e4nger tunga! Synd jag inte tycker om saften efter dem&#8230;<\/p><\/div>\n<div id=\"attachment_3927\" style=\"width: 610px\" class=\"wp-caption alignnone\"><a href=\"http:\/\/nillans.com\/wp-content\/uploads\/2013\/09\/co_P1000172.jpg\"><img loading=\"lazy\" decoding=\"async\" aria-describedby=\"caption-attachment-3927\" class=\"size-full wp-image-3927\" alt=\"\" src=\"http:\/\/nillans.com\/wp-content\/uploads\/2013\/09\/co_P1000172.jpg\" width=\"600\" height=\"478\" srcset=\"https:\/\/nillans.com\/wp-content\/uploads\/2013\/09\/co_P1000172.jpg 600w, https:\/\/nillans.com\/wp-content\/uploads\/2013\/09\/co_P1000172-300x239.jpg 300w\" sizes=\"auto, (max-width: 600px) 100vw, 600px\" \/><\/a><p id=\"caption-attachment-3927\" class=\"wp-caption-text\">Kanske skulle plocka lite nypon \u00e5t gojorna&#8230;kanske plocka till oss sj\u00e4lva och g\u00f6ra riktig nyponsoppa!<\/p><\/div>\n<p><em>6 km p\u00e5 63 minuter \u00e4r inte fy skam f\u00f6r en som inte g\u00e5tt l\u00e5ngrunda p\u00e5 l\u00e4nge (och som stannade och pratade med djur och fotograferade l\u00e4ngs v\u00e4gen)<\/em><br \/>\nBilen gick inte att l\u00e5sa s\u00e5 jag fick k\u00f6ra tillbaka till Vanneberga och det var n\u00e4ra att jag f\u00e5tt g\u00e5 hem ;) D\u00e5 hade nog kroppen varit \u00e4n mer m\u00f6r \u00e4n den \u00e4r nu. Men jag fick k\u00f6ra hem och s\u00e5 ringer de n\u00e4r reservdelarna har kommit.<\/p>\n<p>Idag har det varit gott och jag har n\u00e4stan kunnat sl\u00e4ppa a-kasse-skiten. Iaf under min h\u00e4rliga promenad.<\/p>\n<p>&nbsp;<\/p>\n","protected":false},"excerpt":{"rendered":"<p>Idag gick jag fr\u00e5n Land\u00f6n till Vanneberga f\u00f6r att h\u00e4mta makens bil. Det s\u00e5g svart ut p\u00e5 himlen p\u00e5 f\u00f6rmiddagen och jag trodde jag skulle beh\u00f6va ha regnkl\u00e4der p\u00e5 mig. Men r\u00e4tt vad det var l\u00f6s solen :) \u263c H\u00e4rligt!! &hellip; <a href=\"https:\/\/nillans.com\/?p=3921\">Forts\u00e4tt l\u00e4sa <span class=\"meta-nav\">&rarr;<\/span><\/a><\/p>\n","protected":false},"author":1,"featured_media":0,"comment_status":"open","ping_status":"closed","sticky":false,"template":"","format":"standard","meta":{"footnotes":""},"categories":[11,14,26,34],"tags":[],"class_list":["post-3921","post","type-post","status-publish","format-standard","hentry","category-djur","category-for-en-god-sak","category-livet","category-natur"],"_links":{"self":[{"href":"https:\/\/nillans.com\/index.php?rest_route=\/wp\/v2\/posts\/3921","targetHints":{"allow":["GET"]}}],"collection":[{"href":"https:\/\/nillans.com\/index.php?rest_route=\/wp\/v2\/posts"}],"about":[{"href":"https:\/\/nillans.com\/index.php?rest_route=\/wp\/v2\/types\/post"}],"author":[{"embeddable":true,"href":"https:\/\/nillans.com\/index.php?rest_route=\/wp\/v2\/users\/1"}],"replies":[{"embeddable":true,"href":"https:\/\/nillans.com\/index.php?rest_route=%2Fwp%2Fv2%2Fcomments&post=3921"}],"version-history":[{"count":0,"href":"https:\/\/nillans.com\/index.php?rest_route=\/wp\/v2\/posts\/3921\/revisions"}],"wp:attachment":[{"href":"https:\/\/nillans.com\/index.php?rest_route=%2Fwp%2Fv2%2Fmedia&parent=3921"}],"wp:term":[{"taxonomy":"category","embeddable":true,"href":"https:\/\/nillans.com\/index.php?rest_route=%2Fwp%2Fv2%2Fcategories&post=3921"},{"taxonomy":"post_tag","embeddable":true,"href":"https:\/\/nillans.com\/index.php?rest_route=%2Fwp%2Fv2%2Ftags&post=3921"}],"curies":[{"name":"wp","href":"https:\/\/api.w.org\/{rel}","templated":true}]}}