{"id":3866,"date":"2013-09-07T16:38:31","date_gmt":"2013-09-07T15:38:31","guid":{"rendered":"http:\/\/nillans.com\/?p=3866"},"modified":"2013-09-07T16:38:31","modified_gmt":"2013-09-07T15:38:31","slug":"svenskt-sa-det-forslar","status":"publish","type":"post","link":"https:\/\/nillans.com\/?p=3866","title":{"rendered":"Svenskt s\u00e5 det f\u00f6rsl\u00e5r!"},"content":{"rendered":"<p>Idag har jag gjort Farmor Stinas sk\u00e5nska gurkor.<\/p>\n<p><a href=\"http:\/\/nillans.com\/wp-content\/uploads\/2013\/09\/wpid-20130907_163658.jpg\"><img decoding=\"async\" title=\"20130907_163658.jpg\" class=\"alignnone size-full\" alt=\"image\" src=\"http:\/\/nillans.com\/wp-content\/uploads\/2013\/09\/wpid-20130907_163658.jpg\" \/><\/a><\/p>\n<p>Gurkor och dillkronor fr\u00e5n mor och fars kollo.<\/p>\n<p><a href=\"http:\/\/nillans.com\/wp-content\/uploads\/2013\/09\/wpid-20130907_163709.jpg\"><img decoding=\"async\" title=\"20130907_163709.jpg\" class=\"alignnone size-full\" alt=\"image\" src=\"http:\/\/nillans.com\/wp-content\/uploads\/2013\/09\/wpid-20130907_163709.jpg\" \/><\/a><\/p>\n<p>Pepparrot gr\u00e4vde jag upp i mitt eget tr\u00e4dg\u00e5rdsland. (V\u00e4xer v\u00e4rre \u00e4n maskrosor och trots att det bara \u00e4r knappt en m\u00e5nad sedan far fr\u00e4ste hela landet har jag redan sp\u00e4da skott.)<\/p>\n<p>\u00c4ttikan \u00e4r fr\u00e5n Perstorp s\u00e5 det \u00e4r bara\u00a0 kryddorna som inte \u00e4r svenska. <\/p>\n<p><a href=\"http:\/\/nillans.com\/wp-content\/uploads\/2013\/09\/wpid-20130907_172846.jpg\"><img decoding=\"async\" title=\"20130907_172846.jpg\" class=\"alignnone size-full\" alt=\"image\" src=\"http:\/\/nillans.com\/wp-content\/uploads\/2013\/09\/wpid-20130907_172846.jpg\" \/><\/a><\/p>\n<p>Det doftar ljuvligt! Om tre dagar ska lagen kokas om och gurkorna l\u00e4ggas i burkar. I vinter ska jag njuta extra mycket av s\u00f6ndagssteken med gurkor som smakar barndom. :) [emoji]e022[\/emoji] <\/p>\n<p>Receptet hittar du p\u00e5 receptsidan.<\/p>\n","protected":false},"excerpt":{"rendered":"<p>Idag har jag gjort Farmor Stinas sk\u00e5nska gurkor. Gurkor och dillkronor fr\u00e5n mor och fars kollo. Pepparrot gr\u00e4vde jag upp i mitt eget tr\u00e4dg\u00e5rdsland. (V\u00e4xer v\u00e4rre \u00e4n maskrosor och trots att det bara \u00e4r knappt en m\u00e5nad sedan far fr\u00e4ste &hellip; <a href=\"https:\/\/nillans.com\/?p=3866\">Forts\u00e4tt l\u00e4sa <span class=\"meta-nav\">&rarr;<\/span><\/a><\/p>\n","protected":false},"author":1,"featured_media":0,"comment_status":"open","ping_status":"closed","sticky":false,"template":"","format":"standard","meta":{"footnotes":""},"categories":[16,21,27,45],"tags":[],"class_list":["post-3866","post","type-post","status-publish","format-standard","hentry","category-gladje","category-karlek-2","category-mat","category-tradgard"],"_links":{"self":[{"href":"https:\/\/nillans.com\/index.php?rest_route=\/wp\/v2\/posts\/3866","targetHints":{"allow":["GET"]}}],"collection":[{"href":"https:\/\/nillans.com\/index.php?rest_route=\/wp\/v2\/posts"}],"about":[{"href":"https:\/\/nillans.com\/index.php?rest_route=\/wp\/v2\/types\/post"}],"author":[{"embeddable":true,"href":"https:\/\/nillans.com\/index.php?rest_route=\/wp\/v2\/users\/1"}],"replies":[{"embeddable":true,"href":"https:\/\/nillans.com\/index.php?rest_route=%2Fwp%2Fv2%2Fcomments&post=3866"}],"version-history":[{"count":0,"href":"https:\/\/nillans.com\/index.php?rest_route=\/wp\/v2\/posts\/3866\/revisions"}],"wp:attachment":[{"href":"https:\/\/nillans.com\/index.php?rest_route=%2Fwp%2Fv2%2Fmedia&parent=3866"}],"wp:term":[{"taxonomy":"category","embeddable":true,"href":"https:\/\/nillans.com\/index.php?rest_route=%2Fwp%2Fv2%2Fcategories&post=3866"},{"taxonomy":"post_tag","embeddable":true,"href":"https:\/\/nillans.com\/index.php?rest_route=%2Fwp%2Fv2%2Ftags&post=3866"}],"curies":[{"name":"wp","href":"https:\/\/api.w.org\/{rel}","templated":true}]}}