{"id":3790,"date":"2013-08-13T22:24:49","date_gmt":"2013-08-13T21:24:49","guid":{"rendered":"http:\/\/nillans.com\/?p=3790"},"modified":"2013-08-13T22:24:49","modified_gmt":"2013-08-13T21:24:49","slug":"overflexibel","status":"publish","type":"post","link":"https:\/\/nillans.com\/?p=3790","title":{"rendered":"\u00d6verflexibel"},"content":{"rendered":"<p>Det \u00e4r inte kul n\u00e4r man gl\u00f6mmer bort sig. Framf\u00f6rallt inte n\u00e4r man har \u00f6verflexibla leder. Trots min stora kropp kan jag f\u00e4lla mig rakt fram och ta om t\u00e5rna med raka ben. Det b\u00f6r jag inte g\u00f6ra&#8230;<br \/>\nIdag kom sn\u00e4lle far ytterligare en g\u00e5ng f\u00f6r att hj\u00e4lpa mig med tr\u00e4dg\u00e5rdslandet. Jag hyrde en jordfr\u00e4s i stan och efter en macka och kaffe satte far ig\u00e5ng.<br \/>\n<a href=\"http:\/\/nillans.com\/wp-content\/uploads\/2013\/08\/wpid-20130813_131945.jpg\"><img decoding=\"async\" title=\"20130813_131945.jpg\" class=\"alignnone size-full\" alt=\"image\" src=\"http:\/\/nillans.com\/wp-content\/uploads\/2013\/08\/wpid-20130813_131945.jpg\" \/><\/a> <\/p>\n<p>Snyggt blev det och s\u00e5 m\u00e4tte far ut var jag skulle plantera jordgubbsplantorna han gett mig. Jag f\u00e4llde mig p\u00e5 mitten och planterade tre rader. Str\u00e5lande! S\u00e5\u00e5\u00e5\u00e5\u00e5 n\u00f6jd!<br \/>\nEn snabbfika och sen l\u00e4mnade jag tillbaka fr\u00e4sen.<br \/>\nNu har jag i flera timmar f\u00e5tt mer och mer v\u00e4rk i kn\u00e4na f\u00f6r att jag inte b\u00f6jde p\u00e5 dem :-(<br \/>\n\u00c4sch, jag har ju ett l\u00e4ckert tr\u00e4dg\u00e5rdsland och jordgubbsplantor s\u00e5 vad\u00e5? Le och var n\u00f6jd, v\u00e4rken g\u00e5r om&#8230;<\/p>\n<p><em>Tack f\u00f6r all hj\u00e4lp far!<\/em><\/p>\n","protected":false},"excerpt":{"rendered":"<p>Det \u00e4r inte kul n\u00e4r man gl\u00f6mmer bort sig. Framf\u00f6rallt inte n\u00e4r man har \u00f6verflexibla leder. Trots min stora kropp kan jag f\u00e4lla mig rakt fram och ta om t\u00e5rna med raka ben. Det b\u00f6r jag inte g\u00f6ra&#8230; Idag kom &hellip; <a href=\"https:\/\/nillans.com\/?p=3790\">Forts\u00e4tt l\u00e4sa <span class=\"meta-nav\">&rarr;<\/span><\/a><\/p>\n","protected":false},"author":1,"featured_media":0,"comment_status":"open","ping_status":"closed","sticky":false,"template":"","format":"standard","meta":{"footnotes":""},"categories":[13,14,16,36,45],"tags":[],"class_list":["post-3790","post","type-post","status-publish","format-standard","hentry","category-familj","category-for-en-god-sak","category-gladje","category-ont","category-tradgard"],"_links":{"self":[{"href":"https:\/\/nillans.com\/index.php?rest_route=\/wp\/v2\/posts\/3790","targetHints":{"allow":["GET"]}}],"collection":[{"href":"https:\/\/nillans.com\/index.php?rest_route=\/wp\/v2\/posts"}],"about":[{"href":"https:\/\/nillans.com\/index.php?rest_route=\/wp\/v2\/types\/post"}],"author":[{"embeddable":true,"href":"https:\/\/nillans.com\/index.php?rest_route=\/wp\/v2\/users\/1"}],"replies":[{"embeddable":true,"href":"https:\/\/nillans.com\/index.php?rest_route=%2Fwp%2Fv2%2Fcomments&post=3790"}],"version-history":[{"count":0,"href":"https:\/\/nillans.com\/index.php?rest_route=\/wp\/v2\/posts\/3790\/revisions"}],"wp:attachment":[{"href":"https:\/\/nillans.com\/index.php?rest_route=%2Fwp%2Fv2%2Fmedia&parent=3790"}],"wp:term":[{"taxonomy":"category","embeddable":true,"href":"https:\/\/nillans.com\/index.php?rest_route=%2Fwp%2Fv2%2Fcategories&post=3790"},{"taxonomy":"post_tag","embeddable":true,"href":"https:\/\/nillans.com\/index.php?rest_route=%2Fwp%2Fv2%2Ftags&post=3790"}],"curies":[{"name":"wp","href":"https:\/\/api.w.org\/{rel}","templated":true}]}}