{"id":3286,"date":"2013-07-21T21:23:53","date_gmt":"2013-07-21T20:23:53","guid":{"rendered":"http:\/\/nillans.com\/?p=3286"},"modified":"2013-07-21T21:23:53","modified_gmt":"2013-07-21T20:23:53","slug":"utan-soleksem-blir-jag-galen","status":"publish","type":"post","link":"https:\/\/nillans.com\/?p=3286","title":{"rendered":"Utan soleksem blir jag&#8230;galen?"},"content":{"rendered":"<p>I 15 \u00e5r eller s\u00e5 har jag haft sv\u00e5r solallergi, massor av sm\u00e5 bl\u00e5sor har poppat upp efter 10-15 min i solen. I 15 \u00e5r har jag f\u00e5tt h\u00e5lla mig i skuggan, ha l\u00e5ng\u00e4rmat och h\u00f6ghalsat f\u00f6r att slippa dessa fruktansv\u00e4rt kliande utslag.<br \/>\nI \u00e5r har jag bara f\u00e5tt 10-20 st :-D<br \/>\nDen som inte haft solallergi kan knappt f\u00f6rest\u00e4lla sig hur hemskt det \u00e4r.<br \/>\nJag har i \u00e5r kunnat vara UTE! Jag har lapat sol (om \u00e4n f\u00f6rsiktigt) som aldrig f\u00f6rr! Det inneb\u00e4r inte att jag ligger och pressar i en solstol, \u00e5hhh n\u00e4, men jag kan g\u00f6ra saker utomhus som jag tidigare f\u00e5tt v\u00e4nta med till kv\u00e4llen.<br \/>\nS\u00e5 hur galen blir man av att inte ha solprickar?<\/p>\n<p><a href=\"http:\/\/nillans.com\/wp-content\/uploads\/2013\/07\/wpid-20130721_193253.jpg\"><img decoding=\"async\" title=\"20130721_193253.jpg\" class=\"alignnone size-full\" alt=\"image\" src=\"http:\/\/nillans.com\/wp-content\/uploads\/2013\/07\/wpid-20130721_193253.jpg\" \/><\/a><\/p>\n<p><em>Det hade ju varit roligare om jag tagit ett f\u00f6re-foto, men jag skulle ju bara&#8230;<\/em><\/p>\n<p>Man f\u00e5r tydligen f\u00f6r sig att leta fram vattenslangen som vuxit in i buskarna. Ja, det \u00e4r v\u00e4l inget konstigt? N\u00e4, visserligen inte MEN det var mitt p\u00e5 dagen! \u00c5rets hittills varmaste dag med 30.6 i skuggan!<br \/>\nJag m\u00e5ste vara otroligt sjuk&#8230;eller galen. ;-)<br \/>\nMen d\u00e5 f\u00e5r jag vara galen f\u00f6r solprickarna vill jag absolut inte ha igen.<\/p>\n<p><em>Under hela \u00e5ret, sedan i h\u00f6stas, har jag smort in mig med solskyddsfaktor 30. Min vanliga lotion blandades med 50% solskydd och s\u00e5 smorde jag envist varje dag. Jag tror att detta \u00e4r min medicin och har givetvis skickat fr\u00e5gan vidare med lilla mor n\u00e4r hon tr\u00e4ffar hudl\u00e4kare n\u00e4sta g\u00e5ng. Sedan april har jag smort in mig varje morgon med denna blandning och sp\u00e4r p\u00e5 flera ggr per dag. Det blir en del kr men det \u00e4r det helt klart v\u00e4rt!<\/em><\/p>\n<p>Dr\u00f6m s\u00f6tt, det ska jag efter en aktiv, varm men fin dag :-D<\/p>\n","protected":false},"excerpt":{"rendered":"<p>I 15 \u00e5r eller s\u00e5 har jag haft sv\u00e5r solallergi, massor av sm\u00e5 bl\u00e5sor har poppat upp efter 10-15 min i solen. I 15 \u00e5r har jag f\u00e5tt h\u00e5lla mig i skuggan, ha l\u00e5ng\u00e4rmat och h\u00f6ghalsat f\u00f6r att slippa dessa &hellip; <a href=\"https:\/\/nillans.com\/?p=3286\">Forts\u00e4tt l\u00e4sa <span class=\"meta-nav\">&rarr;<\/span><\/a><\/p>\n","protected":false},"author":1,"featured_media":0,"comment_status":"open","ping_status":"closed","sticky":false,"template":"","format":"standard","meta":{"footnotes":""},"categories":[16,45],"tags":[],"class_list":["post-3286","post","type-post","status-publish","format-standard","hentry","category-gladje","category-tradgard"],"_links":{"self":[{"href":"https:\/\/nillans.com\/index.php?rest_route=\/wp\/v2\/posts\/3286","targetHints":{"allow":["GET"]}}],"collection":[{"href":"https:\/\/nillans.com\/index.php?rest_route=\/wp\/v2\/posts"}],"about":[{"href":"https:\/\/nillans.com\/index.php?rest_route=\/wp\/v2\/types\/post"}],"author":[{"embeddable":true,"href":"https:\/\/nillans.com\/index.php?rest_route=\/wp\/v2\/users\/1"}],"replies":[{"embeddable":true,"href":"https:\/\/nillans.com\/index.php?rest_route=%2Fwp%2Fv2%2Fcomments&post=3286"}],"version-history":[{"count":0,"href":"https:\/\/nillans.com\/index.php?rest_route=\/wp\/v2\/posts\/3286\/revisions"}],"wp:attachment":[{"href":"https:\/\/nillans.com\/index.php?rest_route=%2Fwp%2Fv2%2Fmedia&parent=3286"}],"wp:term":[{"taxonomy":"category","embeddable":true,"href":"https:\/\/nillans.com\/index.php?rest_route=%2Fwp%2Fv2%2Fcategories&post=3286"},{"taxonomy":"post_tag","embeddable":true,"href":"https:\/\/nillans.com\/index.php?rest_route=%2Fwp%2Fv2%2Ftags&post=3286"}],"curies":[{"name":"wp","href":"https:\/\/api.w.org\/{rel}","templated":true}]}}