{"id":3143,"date":"2013-06-06T21:23:22","date_gmt":"2013-06-06T20:23:22","guid":{"rendered":"http:\/\/nillans.com\/?p=3143"},"modified":"2013-06-06T21:23:22","modified_gmt":"2013-06-06T20:23:22","slug":"nationaldagen-2013","status":"publish","type":"post","link":"https:\/\/nillans.com\/?p=3143","title":{"rendered":"Nationaldagen 2013"},"content":{"rendered":"<p>Blev nog lite back p\u00e5 v\u00e4tska ig\u00e5r n\u00e4r jag k\u00f6rde till Esl\u00f6v och h\u00e4mtade ved. Blev mkt glad n\u00e4r jag m\u00f6tte en pigg och slankare Danne utanf\u00f6r mor och fars port. Det var ett m\u00e5-bra-piller! :-)<\/p>\n<p>N\u00e5, idag har jag varit tung i huvudet, tidvis med bank. Trots det har dagen varit kanon!<\/p>\n<div style=\"width: 610px\" class=\"wp-caption alignnone\"><a href=\"http:\/\/nillans.com\/wp-content\/uploads\/2013\/06\/wpid-collage_4.png\"><img decoding=\"async\" title=\"collage_4.png\" class=\"alignnone size-full\" alt=\"image\" src=\"http:\/\/nillans.com\/wp-content\/uploads\/2013\/06\/wpid-collage_4.png\" \/><\/a><p class=\"wp-caption-text\">Frukost p&#229; altanen<\/p><\/div>\n<p>Gerda och Rickard hade br\u00f6d med sig och vi hade en l\u00e5ngfrukost p\u00e5 altanen. (<em>Varf\u00f6r det \u00e4r bl\u00e5a streck i bilden vet jag inte, InstaCollage tyckte v\u00e4l att det var fint&#8230;)<\/em><br \/>\nN\u00e4r vi r\u00f6jt upp efter att G och R \u00e5kt for vi till sv\u00e4rfar. Stackaren m\u00e5r inte j\u00e4tted\u00e5ligt av sin tum\u00f6r men ack vad den sp\u00e4nner ut magen! De flesta byxorna hade f\u00e5tt passeras till k\u00e4llaren f\u00f6r de var f\u00f6r sm\u00e5. Jag sk\u00e4nkte de flesta till hemmet att ha som reserv, det brukar beh\u00f6vas&#8230; Sk\u00f6nt att sv\u00e4rfar inte lider av sin kn\u00f6l men nu m\u00e5ste jag till stan och handla nya kl\u00e4der \u00e5t honom.<\/p>\n<p>Pysslade lite i tr\u00e4dg\u00e5rden och sen k\u00e4nde vi f\u00f6r midsommarmat ;-)<\/p>\n<div style=\"width: 610px\" class=\"wp-caption alignnone\"><a href=\"http:\/\/nillans.com\/wp-content\/uploads\/2013\/06\/wpid-collage_6.png\"><img decoding=\"async\" title=\"collage_6.png\" class=\"alignnone size-full\" alt=\"image\" src=\"http:\/\/nillans.com\/wp-content\/uploads\/2013\/06\/wpid-collage_6.png\" \/><\/a><p class=\"wp-caption-text\">Nypotatis, sill och gr&#228;sl&#246;k<\/p><\/div>\n<p>\u00c5hh s\u00e5 gott!!<br \/>\nNu \u00e4r det dags f\u00f6r kudden&#8230;<\/p>\n","protected":false},"excerpt":{"rendered":"<p>Blev nog lite back p\u00e5 v\u00e4tska ig\u00e5r n\u00e4r jag k\u00f6rde till Esl\u00f6v och h\u00e4mtade ved. Blev mkt glad n\u00e4r jag m\u00f6tte en pigg och slankare Danne utanf\u00f6r mor och fars port. Det var ett m\u00e5-bra-piller! :-) N\u00e5, idag har jag &hellip; <a href=\"https:\/\/nillans.com\/?p=3143\">Forts\u00e4tt l\u00e4sa <span class=\"meta-nav\">&rarr;<\/span><\/a><\/p>\n","protected":false},"author":1,"featured_media":0,"comment_status":"open","ping_status":"closed","sticky":false,"template":"","format":"standard","meta":{"footnotes":""},"categories":[13,24,26,27,33],"tags":[],"class_list":["post-3143","post","type-post","status-publish","format-standard","hentry","category-familj","category-ledsamt","category-livet","category-mat","category-mys-2"],"_links":{"self":[{"href":"https:\/\/nillans.com\/index.php?rest_route=\/wp\/v2\/posts\/3143","targetHints":{"allow":["GET"]}}],"collection":[{"href":"https:\/\/nillans.com\/index.php?rest_route=\/wp\/v2\/posts"}],"about":[{"href":"https:\/\/nillans.com\/index.php?rest_route=\/wp\/v2\/types\/post"}],"author":[{"embeddable":true,"href":"https:\/\/nillans.com\/index.php?rest_route=\/wp\/v2\/users\/1"}],"replies":[{"embeddable":true,"href":"https:\/\/nillans.com\/index.php?rest_route=%2Fwp%2Fv2%2Fcomments&post=3143"}],"version-history":[{"count":0,"href":"https:\/\/nillans.com\/index.php?rest_route=\/wp\/v2\/posts\/3143\/revisions"}],"wp:attachment":[{"href":"https:\/\/nillans.com\/index.php?rest_route=%2Fwp%2Fv2%2Fmedia&parent=3143"}],"wp:term":[{"taxonomy":"category","embeddable":true,"href":"https:\/\/nillans.com\/index.php?rest_route=%2Fwp%2Fv2%2Fcategories&post=3143"},{"taxonomy":"post_tag","embeddable":true,"href":"https:\/\/nillans.com\/index.php?rest_route=%2Fwp%2Fv2%2Ftags&post=3143"}],"curies":[{"name":"wp","href":"https:\/\/api.w.org\/{rel}","templated":true}]}}