{"id":3078,"date":"2013-05-24T20:26:48","date_gmt":"2013-05-24T19:26:48","guid":{"rendered":"http:\/\/nillans.com\/?p=3078"},"modified":"2013-05-24T20:26:48","modified_gmt":"2013-05-24T19:26:48","slug":"aterfunnen-gladje","status":"publish","type":"post","link":"https:\/\/nillans.com\/?p=3078","title":{"rendered":"\u00c5terfunnen gl\u00e4dje?"},"content":{"rendered":"<p>Jag f\u00f6rbereder kamerav\u00e4skan inf\u00f6r morgondagens fotograferande.<br \/>\nPl\u00f6tsligt s\u00e4ger kameran att minneskortet \u00e4r fullt. M\u00e4rkligt, s\u00e5 m\u00e5nga foton har jag inte tagit idag.<\/p>\n<div id=\"attachment_3084\" style=\"width: 277px\" class=\"wp-caption alignnone\"><a href=\"http:\/\/nillans.com\/wp-content\/uploads\/2013\/05\/coIMG_1663.jpg\"><img loading=\"lazy\" decoding=\"async\" aria-describedby=\"caption-attachment-3084\" class=\"size-full wp-image-3084\" alt=\"Det var ett tag sedan\" src=\"http:\/\/nillans.com\/wp-content\/uploads\/2013\/05\/coIMG_1663.jpg\" width=\"267\" height=\"401\" srcset=\"https:\/\/nillans.com\/wp-content\/uploads\/2013\/05\/coIMG_1663.jpg 267w, https:\/\/nillans.com\/wp-content\/uploads\/2013\/05\/coIMG_1663-199x300.jpg 199w\" sizes=\"auto, (max-width: 267px) 100vw, 267px\" \/><\/a><p id=\"caption-attachment-3084\" class=\"wp-caption-text\">Det var ett tag sedan.<\/p><\/div>\n<p>Uppenbarligen har jag inte anv\u00e4nt min kamera s\u00e5 mycket p\u00e5 sista tiden. \u00c4ldsta fotot p\u00e5 minneskortet var fr\u00e5n oktober 2012.<br \/>\nKan bero p\u00e5 att som min k\u00e4re far brukar s\u00e4ga; den b\u00e4sta kameran \u00e4r den man har med sig&#8230;och det brukar vara min mobil.<\/p>\n<div id=\"attachment_3082\" style=\"width: 410px\" class=\"wp-caption alignnone\"><a href=\"http:\/\/nillans.com\/wp-content\/uploads\/2013\/05\/co_MG_1741.jpg\"><img loading=\"lazy\" decoding=\"async\" aria-describedby=\"caption-attachment-3082\" class=\"size-full wp-image-3082\" alt=\"S\u00e5dana h\u00e4r foton f\u00e5r man av en linslus. Hon \u00e4r hoppl\u00f6s dend\u00e4ringa Cat ;)\" src=\"http:\/\/nillans.com\/wp-content\/uploads\/2013\/05\/co_MG_1741.jpg\" width=\"400\" height=\"267\" srcset=\"https:\/\/nillans.com\/wp-content\/uploads\/2013\/05\/co_MG_1741.jpg 400w, https:\/\/nillans.com\/wp-content\/uploads\/2013\/05\/co_MG_1741-300x200.jpg 300w\" sizes=\"auto, (max-width: 400px) 100vw, 400px\" \/><\/a><p id=\"caption-attachment-3082\" class=\"wp-caption-text\">S\u00e5dana h\u00e4r foton f\u00e5r man av en linslus. Hon \u00e4r hoppl\u00f6s dend\u00e4ringa Cat ;)<\/p><\/div>\n<div id=\"attachment_3081\" style=\"width: 497px\" class=\"wp-caption alignnone\"><a href=\"http:\/\/nillans.com\/wp-content\/uploads\/2013\/05\/co_MG_1739.jpg\"><img loading=\"lazy\" decoding=\"async\" aria-describedby=\"caption-attachment-3081\" class=\"size-full wp-image-3081\" alt=\"Fine Kr\u00e5ke solade sig och h\u00f6ll mig s\u00e4llskap n\u00e4r jag rensade ogr\u00e4s. Flickorna har nog varit br\u00e5kiga med tanke p\u00e5 bl\u00e5m\u00e4rkena han har p\u00e5 kinderna.\" src=\"http:\/\/nillans.com\/wp-content\/uploads\/2013\/05\/co_MG_1739.jpg\" width=\"487\" height=\"483\" srcset=\"https:\/\/nillans.com\/wp-content\/uploads\/2013\/05\/co_MG_1739.jpg 487w, https:\/\/nillans.com\/wp-content\/uploads\/2013\/05\/co_MG_1739-150x150.jpg 150w, https:\/\/nillans.com\/wp-content\/uploads\/2013\/05\/co_MG_1739-300x297.jpg 300w\" sizes=\"auto, (max-width: 487px) 100vw, 487px\" \/><\/a><p id=\"caption-attachment-3081\" class=\"wp-caption-text\">Fine Kr\u00e5ke solade sig och h\u00f6ll mig s\u00e4llskap n\u00e4r jag rensade ogr\u00e4s. Flickorna har nog varit br\u00e5kiga med tanke p\u00e5 bl\u00e5m\u00e4rkena han har p\u00e5 kinderna.<\/p><\/div>\n<div id=\"attachment_3083\" style=\"width: 410px\" class=\"wp-caption alignnone\"><a href=\"http:\/\/nillans.com\/wp-content\/uploads\/2013\/05\/co_MG_1751.jpg\"><img loading=\"lazy\" decoding=\"async\" aria-describedby=\"caption-attachment-3083\" class=\"size-full wp-image-3083\" alt=\"Truls envisas med att leka kalv och bligar bara p\u00e5 mig n\u00e4r jag ber honom sluta ;)\" src=\"http:\/\/nillans.com\/wp-content\/uploads\/2013\/05\/co_MG_1751.jpg\" width=\"400\" height=\"353\" srcset=\"https:\/\/nillans.com\/wp-content\/uploads\/2013\/05\/co_MG_1751.jpg 400w, https:\/\/nillans.com\/wp-content\/uploads\/2013\/05\/co_MG_1751-300x264.jpg 300w\" sizes=\"auto, (max-width: 400px) 100vw, 400px\" \/><\/a><p id=\"caption-attachment-3083\" class=\"wp-caption-text\">Truls envisas med att leka kalv och bligar bara p\u00e5 mig n\u00e4r jag ber honom sluta ;)<\/p><\/div>\n<div id=\"attachment_3080\" style=\"width: 586px\" class=\"wp-caption alignnone\"><a href=\"http:\/\/nillans.com\/wp-content\/uploads\/2013\/05\/co_MG_1737.jpg\"><img loading=\"lazy\" decoding=\"async\" aria-describedby=\"caption-attachment-3080\" class=\"size-full wp-image-3080\" alt=\"&quot;Kan du sluta fotografera mig s\u00e5 jag kan ta dessa fina myror och maskar och mata mina sm\u00e5?&quot;\" src=\"http:\/\/nillans.com\/wp-content\/uploads\/2013\/05\/co_MG_1737.jpg\" width=\"576\" height=\"695\" srcset=\"https:\/\/nillans.com\/wp-content\/uploads\/2013\/05\/co_MG_1737.jpg 576w, https:\/\/nillans.com\/wp-content\/uploads\/2013\/05\/co_MG_1737-248x300.jpg 248w\" sizes=\"auto, (max-width: 576px) 100vw, 576px\" \/><\/a><p id=\"caption-attachment-3080\" class=\"wp-caption-text\">&#8221;Kan du sluta fotografera mig s\u00e5 jag kan ta dessa fina myror och maskar och mata mina sm\u00e5?&#8221;<\/p><\/div>\n<div id=\"attachment_3079\" style=\"width: 496px\" class=\"wp-caption alignnone\"><a href=\"http:\/\/nillans.com\/wp-content\/uploads\/2013\/05\/co_MG_1725.jpg\"><img loading=\"lazy\" decoding=\"async\" aria-describedby=\"caption-attachment-3079\" class=\"size-full wp-image-3079\" alt=\"&quot;Jag v\u00e4ntar ocks\u00e5 p\u00e5 att f\u00e5 leverera insekterna till de sm\u00e5...suck&quot;\" src=\"http:\/\/nillans.com\/wp-content\/uploads\/2013\/05\/co_MG_1725.jpg\" width=\"486\" height=\"490\" srcset=\"https:\/\/nillans.com\/wp-content\/uploads\/2013\/05\/co_MG_1725.jpg 486w, https:\/\/nillans.com\/wp-content\/uploads\/2013\/05\/co_MG_1725-150x150.jpg 150w, https:\/\/nillans.com\/wp-content\/uploads\/2013\/05\/co_MG_1725-297x300.jpg 297w\" sizes=\"auto, (max-width: 486px) 100vw, 486px\" \/><\/a><p id=\"caption-attachment-3079\" class=\"wp-caption-text\">&#8221;Jag v\u00e4ntar ocks\u00e5 p\u00e5 att f\u00e5 leverera insekterna till de sm\u00e5&#8230;suck&#8221;<\/p><\/div>\n<div id=\"attachment_3085\" style=\"width: 610px\" class=\"wp-caption alignnone\"><a href=\"http:\/\/nillans.com\/wp-content\/uploads\/2013\/05\/coIMG_1708.jpg\"><img loading=\"lazy\" decoding=\"async\" aria-describedby=\"caption-attachment-3085\" class=\"size-full wp-image-3085\" alt=\"Jag tycker om maskrosor. De lyser med en underbar gul f\u00e4rg. De b\u00e5de ser mjuka ut och \u00c4R mjuka. Jag kan inte s\u00e4ga det b\u00e4ttre \u00e4n med Carl Antons ord fr\u00e5n visan Om maskros och tj\u00e4rdoft.\" src=\"http:\/\/nillans.com\/wp-content\/uploads\/2013\/05\/coIMG_1708.jpg\" width=\"600\" height=\"400\" srcset=\"https:\/\/nillans.com\/wp-content\/uploads\/2013\/05\/coIMG_1708.jpg 600w, https:\/\/nillans.com\/wp-content\/uploads\/2013\/05\/coIMG_1708-300x200.jpg 300w\" sizes=\"auto, (max-width: 600px) 100vw, 600px\" \/><\/a><p id=\"caption-attachment-3085\" class=\"wp-caption-text\">Jag tycker om maskrosor. De lyser med en underbar gul f\u00e4rg. De b\u00e5de ser mjuka ut och \u00c4R mjuka.<br \/>Jag kan inte s\u00e4ga det b\u00e4ttre \u00e4n med Carl Antons ord fr\u00e5n visan Om maskros och tj\u00e4rdoft.<\/p><\/div>\n<p>Idag har det varit en sk\u00f6n dag. Ogr\u00e4srensning kring dammen, plantering av (nya klematisen) Nike, vattnat gl\u00e4djande blomster och jordgubbsplantor, fyllt p\u00e5 dammen som det dunstat en massa fr\u00e5n och klippt gr\u00e4set s\u00e5 l\u00e5ngt jag orkade.<\/p>\n<p><span style=\"font-size: 13px; line-height: 19px;\">N\u00e5gon form av pollen har bosatt sig i min n\u00e4sa, dags att medicinera och leta upp kudden.<\/span><\/p>\n<p>Livet \u00e4r&#8230;ganska h\u00e4rligt trots allt :)<\/p>\n<p>&nbsp;<\/p>\n<p>&nbsp;<\/p>\n","protected":false},"excerpt":{"rendered":"<p>Jag f\u00f6rbereder kamerav\u00e4skan inf\u00f6r morgondagens fotograferande. Pl\u00f6tsligt s\u00e4ger kameran att minneskortet \u00e4r fullt. M\u00e4rkligt, s\u00e5 m\u00e5nga foton har jag inte tagit idag. Uppenbarligen har jag inte anv\u00e4nt min kamera s\u00e5 mycket p\u00e5 sista tiden. \u00c4ldsta fotot p\u00e5 minneskortet var fr\u00e5n &hellip; <a href=\"https:\/\/nillans.com\/?p=3078\">Forts\u00e4tt l\u00e4sa <span class=\"meta-nav\">&rarr;<\/span><\/a><\/p>\n","protected":false},"author":1,"featured_media":0,"comment_status":"open","ping_status":"closed","sticky":false,"template":"","format":"standard","meta":{"footnotes":""},"categories":[11,16,25,34,40,45],"tags":[],"class_list":["post-3078","post","type-post","status-publish","format-standard","hentry","category-djur","category-gladje","category-lite-pa-skoj","category-natur","category-sommar","category-tradgard"],"_links":{"self":[{"href":"https:\/\/nillans.com\/index.php?rest_route=\/wp\/v2\/posts\/3078","targetHints":{"allow":["GET"]}}],"collection":[{"href":"https:\/\/nillans.com\/index.php?rest_route=\/wp\/v2\/posts"}],"about":[{"href":"https:\/\/nillans.com\/index.php?rest_route=\/wp\/v2\/types\/post"}],"author":[{"embeddable":true,"href":"https:\/\/nillans.com\/index.php?rest_route=\/wp\/v2\/users\/1"}],"replies":[{"embeddable":true,"href":"https:\/\/nillans.com\/index.php?rest_route=%2Fwp%2Fv2%2Fcomments&post=3078"}],"version-history":[{"count":0,"href":"https:\/\/nillans.com\/index.php?rest_route=\/wp\/v2\/posts\/3078\/revisions"}],"wp:attachment":[{"href":"https:\/\/nillans.com\/index.php?rest_route=%2Fwp%2Fv2%2Fmedia&parent=3078"}],"wp:term":[{"taxonomy":"category","embeddable":true,"href":"https:\/\/nillans.com\/index.php?rest_route=%2Fwp%2Fv2%2Fcategories&post=3078"},{"taxonomy":"post_tag","embeddable":true,"href":"https:\/\/nillans.com\/index.php?rest_route=%2Fwp%2Fv2%2Ftags&post=3078"}],"curies":[{"name":"wp","href":"https:\/\/api.w.org\/{rel}","templated":true}]}}