{"id":3004,"date":"2013-05-04T12:23:37","date_gmt":"2013-05-04T11:23:37","guid":{"rendered":"http:\/\/nillans.com\/?p=3004"},"modified":"2013-05-04T12:23:37","modified_gmt":"2013-05-04T11:23:37","slug":"kajor-med-varkanslor","status":"publish","type":"post","link":"https:\/\/nillans.com\/?p=3004","title":{"rendered":"Kajor med v\u00e5rk\u00e4nslor"},"content":{"rendered":"<p><a href=\"http:\/\/nillans.com\/wp-content\/uploads\/2013\/05\/wpid-20130504_122052.jpg\"><img decoding=\"async\" title=\"\" class=\"alignnone size-full\" alt=\"image\" src=\"http:\/\/nillans.com\/wp-content\/uploads\/2013\/05\/wpid-20130504_122052.jpg\" \/><\/a><\/p>\n<p>Ger hus\u00e4garen arbete&#8230; Grannen kom och undrade om vi visste om att kajorna bygger p\u00e5 flera st\u00e4llen under taket p\u00e5 f\u00f6rl\u00e4ngningen. N\u00e4pp, det gjorde vi inte! Orolig f\u00f6r att st\u00e4nga in n\u00e5gon f\u00e5gel fotade jag f\u00f6rst :-P Gott om pinnar \u00e4r det men snart har k\u00e4rleken spikat igen de sm\u00e5 springorna och jag r\u00e4fsar gamla l\u00f6v mellan hus och h\u00e4ck.<br \/>\nGrannen? Tja, det var han som anm\u00e4lde oss f\u00f6r ngr \u00e5r sedan och inte pratat med oss sedan dess. Han verkar faktiskt ha anammat det byar\u00e5det rekommenderade, att v\u00e4luppfostrat, trevligt, medm\u00e4nskligt och med allm\u00e4nt hyfs prata med sina bybor.<br \/>\nJag \u00e4r inte sen att haka p\u00e5 &#8211; fram f\u00f6r mer v\u00e4nlighet i v\u00e4rlden!<\/p>\n<p><em>F\u00f6r den som undrar pratar den andre grannen ocks\u00e5 med oss, l\u00e5tsandes som om han inte kommer ih\u00e5g hur otrevligt han skrek \u00e5t mig i fjol. Eller s\u00e5 minns han verkligen inte&#8230;% var ju konstant n\u00e4r det h\u00e4nde och en l\u00e5ng vinter har passerat. Jag s\u00e4ger samma h\u00e4r, jag v\u00e4ljer v\u00e4nlighet och h\u00e4lsar tillbaka.<\/em><\/p>\n","protected":false},"excerpt":{"rendered":"<p>Ger hus\u00e4garen arbete&#8230; Grannen kom och undrade om vi visste om att kajorna bygger p\u00e5 flera st\u00e4llen under taket p\u00e5 f\u00f6rl\u00e4ngningen. N\u00e4pp, det gjorde vi inte! Orolig f\u00f6r att st\u00e4nga in n\u00e5gon f\u00e5gel fotade jag f\u00f6rst :-P Gott om pinnar &hellip; <a href=\"https:\/\/nillans.com\/?p=3004\">Forts\u00e4tt l\u00e4sa <span class=\"meta-nav\">&rarr;<\/span><\/a><\/p>\n","protected":false},"author":1,"featured_media":0,"comment_status":"open","ping_status":"closed","sticky":false,"template":"","format":"standard","meta":{"footnotes":""},"categories":[11,14,34],"tags":[],"class_list":["post-3004","post","type-post","status-publish","format-standard","hentry","category-djur","category-for-en-god-sak","category-natur"],"_links":{"self":[{"href":"https:\/\/nillans.com\/index.php?rest_route=\/wp\/v2\/posts\/3004","targetHints":{"allow":["GET"]}}],"collection":[{"href":"https:\/\/nillans.com\/index.php?rest_route=\/wp\/v2\/posts"}],"about":[{"href":"https:\/\/nillans.com\/index.php?rest_route=\/wp\/v2\/types\/post"}],"author":[{"embeddable":true,"href":"https:\/\/nillans.com\/index.php?rest_route=\/wp\/v2\/users\/1"}],"replies":[{"embeddable":true,"href":"https:\/\/nillans.com\/index.php?rest_route=%2Fwp%2Fv2%2Fcomments&post=3004"}],"version-history":[{"count":0,"href":"https:\/\/nillans.com\/index.php?rest_route=\/wp\/v2\/posts\/3004\/revisions"}],"wp:attachment":[{"href":"https:\/\/nillans.com\/index.php?rest_route=%2Fwp%2Fv2%2Fmedia&parent=3004"}],"wp:term":[{"taxonomy":"category","embeddable":true,"href":"https:\/\/nillans.com\/index.php?rest_route=%2Fwp%2Fv2%2Fcategories&post=3004"},{"taxonomy":"post_tag","embeddable":true,"href":"https:\/\/nillans.com\/index.php?rest_route=%2Fwp%2Fv2%2Ftags&post=3004"}],"curies":[{"name":"wp","href":"https:\/\/api.w.org\/{rel}","templated":true}]}}