{"id":2997,"date":"2013-05-03T20:51:23","date_gmt":"2013-05-03T19:51:23","guid":{"rendered":"http:\/\/nillans.com\/?p=2997"},"modified":"2013-05-03T20:51:23","modified_gmt":"2013-05-03T19:51:23","slug":"jag-haller-helg","status":"publish","type":"post","link":"https:\/\/nillans.com\/?p=2997","title":{"rendered":"Jag h\u00e5ller helg"},"content":{"rendered":"<p>Efter en sis\u00e5d\u00e4r lyckad arbetsdag (f\u00f6rl\u00e5t, jag har sv\u00e5rt att kalla det jobb att sitta och g\u00f6ra ngt jag tycker \u00e4r j\u00e4tteroligt men de s\u00e4ger att det \u00e4r jobb och s\u00e5 ska jag t\u00e4nka) pga sviktande kontakt med n\u00e4tet var jag tr\u00f6tt men inte utmattad. Jag m\u00e5dde faktiskt b\u00e4ttre \u00e4n p\u00e5 l\u00e4nge. Dammens pump var s\u00e5 igengrodd efter vintern att font\u00e4nen sprutade vattnet utanf\u00f6r och niv\u00e5n var kritisk. Det \u00e4r inget roligt jobb men med Den f\u00f6rsvunna symbolen av Dan Brown i \u00f6rat gick det bra. Dessutom sken solen s\u00e5 h\u00e4rligt rakt p\u00e5 mig.:-D<br \/>\nDen d\u00e4r rensningen tog iaf musten ur mig och kudden kallade h\u00f6gt.<br \/>\nN\u00e5gra illvilliga blodsugare s\u00e5g dock till att vilan inte blev s\u00e5 l\u00e5ng. I morgon m\u00e5ste jag leta fram n\u00e4tet till f\u00f6nstret!<\/p>\n<p><a href=\"http:\/\/nillans.com\/wp-content\/uploads\/2013\/05\/wpid-20130503_205405.jpg\"><img decoding=\"async\" title=\"20130503_205405.jpg\" class=\"alignnone size-full\" alt=\"image\" src=\"http:\/\/nillans.com\/wp-content\/uploads\/2013\/05\/wpid-20130503_205405.jpg\" \/><\/a><\/p>\n<p>Jag tycker att jag \u00e4r v\u00e4rd att h\u00e5lla fredagskv\u00e4ll med en rom och cola till hockeyn. K\u00e4rleken f\u00e5r dessv\u00e4rre inte h\u00e5lla mig s\u00e4llskap pga antibiotikan. CRP var i dag 7.3!! Jippie! Snart&#8230;snart&#8230;snart \u00e4r han frisk igen \u2661 :-)<br \/>\nFler \u00e4n jag som k\u00e4nner ett stort tv\u00e5ng att klippa gr\u00e4set? Det b\u00f6rjar bli h\u00f6gt nu. Ska bara hitta en ny bra bok s\u00e5 drar jag ig\u00e5ng den gula brummaren i morgon ;-)<\/p>\n<p><em>Life is pretty good right now<\/em><\/p>\n","protected":false},"excerpt":{"rendered":"<p>Efter en sis\u00e5d\u00e4r lyckad arbetsdag (f\u00f6rl\u00e5t, jag har sv\u00e5rt att kalla det jobb att sitta och g\u00f6ra ngt jag tycker \u00e4r j\u00e4tteroligt men de s\u00e4ger att det \u00e4r jobb och s\u00e5 ska jag t\u00e4nka) pga sviktande kontakt med n\u00e4tet var &hellip; <a href=\"https:\/\/nillans.com\/?p=2997\">Forts\u00e4tt l\u00e4sa <span class=\"meta-nav\">&rarr;<\/span><\/a><\/p>\n","protected":false},"author":1,"featured_media":0,"comment_status":"open","ping_status":"closed","sticky":false,"template":"","format":"standard","meta":{"footnotes":""},"categories":[16,26,34,41],"tags":[],"class_list":["post-2997","post","type-post","status-publish","format-standard","hentry","category-gladje","category-livet","category-natur","category-studier"],"_links":{"self":[{"href":"https:\/\/nillans.com\/index.php?rest_route=\/wp\/v2\/posts\/2997","targetHints":{"allow":["GET"]}}],"collection":[{"href":"https:\/\/nillans.com\/index.php?rest_route=\/wp\/v2\/posts"}],"about":[{"href":"https:\/\/nillans.com\/index.php?rest_route=\/wp\/v2\/types\/post"}],"author":[{"embeddable":true,"href":"https:\/\/nillans.com\/index.php?rest_route=\/wp\/v2\/users\/1"}],"replies":[{"embeddable":true,"href":"https:\/\/nillans.com\/index.php?rest_route=%2Fwp%2Fv2%2Fcomments&post=2997"}],"version-history":[{"count":0,"href":"https:\/\/nillans.com\/index.php?rest_route=\/wp\/v2\/posts\/2997\/revisions"}],"wp:attachment":[{"href":"https:\/\/nillans.com\/index.php?rest_route=%2Fwp%2Fv2%2Fmedia&parent=2997"}],"wp:term":[{"taxonomy":"category","embeddable":true,"href":"https:\/\/nillans.com\/index.php?rest_route=%2Fwp%2Fv2%2Fcategories&post=2997"},{"taxonomy":"post_tag","embeddable":true,"href":"https:\/\/nillans.com\/index.php?rest_route=%2Fwp%2Fv2%2Ftags&post=2997"}],"curies":[{"name":"wp","href":"https:\/\/api.w.org\/{rel}","templated":true}]}}