{"id":2888,"date":"2013-03-12T17:20:41","date_gmt":"2013-03-12T16:20:41","guid":{"rendered":"http:\/\/nillans.com\/?p=2888"},"modified":"2013-03-12T17:20:41","modified_gmt":"2013-03-12T16:20:41","slug":"borjade-daligt-slutade-battre","status":"publish","type":"post","link":"https:\/\/nillans.com\/?p=2888","title":{"rendered":"B\u00f6rjade d\u00e5ligt, slutade b\u00e4ttre"},"content":{"rendered":"<p>-11 n\u00e4r maken k\u00f6rde till jobbet. Mitt hum\u00f6r var i botten direkt av kylan.<br \/>\nMen tack och lov blev det s\u00e5 mycket b\u00e4ttre :-)<\/p>\n<p>Efter kuratorn fikade jag hos sv\u00e4rmor och sen \u00e5kte vi till Viby g\u00e5rdsbutik. D\u00e4r h\u00e4ckar storkarna p\u00e5 taket.<\/p>\n<p><a href=\"http:\/\/nillans.com\/wp-content\/uploads\/2013\/03\/wpid-fotor_136310471486966.jpg\"><img decoding=\"async\" title=\"fotor_136310471486966.jpg\" class=\"alignnone size-full\" alt=\"image\" src=\"http:\/\/nillans.com\/wp-content\/uploads\/2013\/03\/wpid-fotor_136310471486966.jpg\" \/><\/a><\/p>\n<p>M\u00e5ste ta med mig stora kameran n\u00e4r jag ska dit&#8230; suck&#8230;<br \/>\nDe satt och lapade sol och det s\u00e5g s\u00e5 h\u00e4rligt ut.<\/p>\n<p>P\u00e5 Gittes hittade jag ett snyggt bl\u00e5tt tyg som fick mig att t\u00e4nka p\u00e5 farmor. (Bild kommer n\u00e4r gardinerna \u00e4r sydda)<\/p>\n<p>\u00c5ter p\u00e5 s\u00f6der drog det i kaffetarmen. Medan sv\u00e4rmor satte fram kaffe packade jag upp ett paket som kom med posten.<\/p>\n<p><a href=\"http:\/\/nillans.com\/wp-content\/uploads\/2013\/03\/wpid-fotor_136310459274890.jpg\"><img decoding=\"async\" title=\"fotor_136310459274890.jpg\" class=\"alignnone size-full\" alt=\"image\" src=\"http:\/\/nillans.com\/wp-content\/uploads\/2013\/03\/wpid-fotor_136310459274890.jpg\" \/><\/a><\/p>\n<p>S\u00e5 l\u00e4cker k\u00e4pp! Jag best\u00e4llde den via deras hemsida sakta.se i s\u00f6ndags. Snabb leverans! F\u00f6rutom att den \u00e4r blommig s\u00e5 g\u00e5r den otroligt snabbt att f\u00e4lla ihop och stoppa ner i ficka eller v\u00e4ska. :-D<br \/>\nL\u00e4tt som en fj\u00e4der dessutom. <\/p>\n<p>Solen har f\u00e5tt mig p\u00e5 mkt b\u00e4ttre hum\u00f6r. Tack!<\/p>\n","protected":false},"excerpt":{"rendered":"<p>-11 n\u00e4r maken k\u00f6rde till jobbet. Mitt hum\u00f6r var i botten direkt av kylan. Men tack och lov blev det s\u00e5 mycket b\u00e4ttre :-) Efter kuratorn fikade jag hos sv\u00e4rmor och sen \u00e5kte vi till Viby g\u00e5rdsbutik. D\u00e4r h\u00e4ckar storkarna &hellip; <a href=\"https:\/\/nillans.com\/?p=2888\">Forts\u00e4tt l\u00e4sa <span class=\"meta-nav\">&rarr;<\/span><\/a><\/p>\n","protected":false},"author":1,"featured_media":0,"comment_status":"open","ping_status":"closed","sticky":false,"template":"","format":"standard","meta":{"footnotes":""},"categories":[5,11,26],"tags":[],"class_list":["post-2888","post","type-post","status-publish","format-standard","hentry","category-bara-annas","category-djur","category-livet"],"_links":{"self":[{"href":"https:\/\/nillans.com\/index.php?rest_route=\/wp\/v2\/posts\/2888","targetHints":{"allow":["GET"]}}],"collection":[{"href":"https:\/\/nillans.com\/index.php?rest_route=\/wp\/v2\/posts"}],"about":[{"href":"https:\/\/nillans.com\/index.php?rest_route=\/wp\/v2\/types\/post"}],"author":[{"embeddable":true,"href":"https:\/\/nillans.com\/index.php?rest_route=\/wp\/v2\/users\/1"}],"replies":[{"embeddable":true,"href":"https:\/\/nillans.com\/index.php?rest_route=%2Fwp%2Fv2%2Fcomments&post=2888"}],"version-history":[{"count":0,"href":"https:\/\/nillans.com\/index.php?rest_route=\/wp\/v2\/posts\/2888\/revisions"}],"wp:attachment":[{"href":"https:\/\/nillans.com\/index.php?rest_route=%2Fwp%2Fv2%2Fmedia&parent=2888"}],"wp:term":[{"taxonomy":"category","embeddable":true,"href":"https:\/\/nillans.com\/index.php?rest_route=%2Fwp%2Fv2%2Fcategories&post=2888"},{"taxonomy":"post_tag","embeddable":true,"href":"https:\/\/nillans.com\/index.php?rest_route=%2Fwp%2Fv2%2Ftags&post=2888"}],"curies":[{"name":"wp","href":"https:\/\/api.w.org\/{rel}","templated":true}]}}