{"id":2833,"date":"2013-02-02T22:23:25","date_gmt":"2013-02-02T21:23:25","guid":{"rendered":"http:\/\/nillans.com\/?p=2833"},"modified":"2013-02-02T22:23:25","modified_gmt":"2013-02-02T21:23:25","slug":"lite-lattare-att-andas","status":"publish","type":"post","link":"https:\/\/nillans.com\/?p=2833","title":{"rendered":"Lite l\u00e4ttare att andas"},"content":{"rendered":"<p>Trots att sn\u00f6t\u00e4cket l\u00e5g tjockt i morse blev det en vacker dag med h\u00e4rlig sol och fin solnedg\u00e5ng.<\/p>\n<p><a href=\"http:\/\/nillans.com\/wp-content\/uploads\/2013\/02\/wpid-fotor_135983971879065.jpg\"><img decoding=\"async\" title=\"fotor_135983971879065.jpg\" class=\"alignnone size-full\" alt=\"image\" src=\"http:\/\/nillans.com\/wp-content\/uploads\/2013\/02\/wpid-fotor_135983971879065.jpg\" \/><\/a><\/p>\n<p>Jag spikade upp golvlisten, m\u00e5lade den tv\u00e5 ggr och fick bokhyllorna n\u00e4stan p\u00e5 sin plats igen innan jag h\u00e4mtade Fj\u00e4rilen. \u00c5ngestbandet sl\u00e4ppte och nu kan jag andas igen.<\/p>\n<p>Vi tittade p\u00e5 f\u00f6rsta delen av melodifestivalen men jag tror att Fj\u00e4rilen somnade i sin s\u00e4ng ganska s\u00e5 i b\u00f6rjan av programmet. ;-) Hon kan beh\u00f6va att bara slappa och inte g\u00f6ra n\u00e5gonting. Nja, n\u00e5gonting gjorde hon f\u00f6r n\u00e4san satt fast i boken hon fick i julklapp av mor och far. Den l\u00e4t s\u00e5 intressant att jag tog hem den som ljudbok :-D S\u00e5 fort serien om kommissarie Knutas \u00e4r slut ska jag lyssna p\u00e5 den.<\/p>\n<p><a href=\"http:\/\/nillans.com\/wp-content\/uploads\/2013\/02\/wpid-20130202_175429.jpg\"><img decoding=\"async\" title=\"20130202_175429.jpg\" class=\"alignnone size-full\" alt=\"image\" src=\"http:\/\/nillans.com\/wp-content\/uploads\/2013\/02\/wpid-20130202_175429.jpg\" \/><\/a><\/p>\n<p>Nu kallar kudden&#8230;<\/p>\n","protected":false},"excerpt":{"rendered":"<p>Trots att sn\u00f6t\u00e4cket l\u00e5g tjockt i morse blev det en vacker dag med h\u00e4rlig sol och fin solnedg\u00e5ng. Jag spikade upp golvlisten, m\u00e5lade den tv\u00e5 ggr och fick bokhyllorna n\u00e4stan p\u00e5 sin plats igen innan jag h\u00e4mtade Fj\u00e4rilen. \u00c5ngestbandet sl\u00e4ppte &hellip; <a href=\"https:\/\/nillans.com\/?p=2833\">Forts\u00e4tt l\u00e4sa <span class=\"meta-nav\">&rarr;<\/span><\/a><\/p>\n","protected":false},"author":1,"featured_media":0,"comment_status":"open","ping_status":"closed","sticky":false,"template":"","format":"standard","meta":{"footnotes":""},"categories":[5,26],"tags":[],"class_list":["post-2833","post","type-post","status-publish","format-standard","hentry","category-bara-annas","category-livet"],"_links":{"self":[{"href":"https:\/\/nillans.com\/index.php?rest_route=\/wp\/v2\/posts\/2833","targetHints":{"allow":["GET"]}}],"collection":[{"href":"https:\/\/nillans.com\/index.php?rest_route=\/wp\/v2\/posts"}],"about":[{"href":"https:\/\/nillans.com\/index.php?rest_route=\/wp\/v2\/types\/post"}],"author":[{"embeddable":true,"href":"https:\/\/nillans.com\/index.php?rest_route=\/wp\/v2\/users\/1"}],"replies":[{"embeddable":true,"href":"https:\/\/nillans.com\/index.php?rest_route=%2Fwp%2Fv2%2Fcomments&post=2833"}],"version-history":[{"count":0,"href":"https:\/\/nillans.com\/index.php?rest_route=\/wp\/v2\/posts\/2833\/revisions"}],"wp:attachment":[{"href":"https:\/\/nillans.com\/index.php?rest_route=%2Fwp%2Fv2%2Fmedia&parent=2833"}],"wp:term":[{"taxonomy":"category","embeddable":true,"href":"https:\/\/nillans.com\/index.php?rest_route=%2Fwp%2Fv2%2Fcategories&post=2833"},{"taxonomy":"post_tag","embeddable":true,"href":"https:\/\/nillans.com\/index.php?rest_route=%2Fwp%2Fv2%2Ftags&post=2833"}],"curies":[{"name":"wp","href":"https:\/\/api.w.org\/{rel}","templated":true}]}}