{"id":2827,"date":"2013-01-30T21:34:24","date_gmt":"2013-01-30T20:34:24","guid":{"rendered":"http:\/\/nillans.com\/?p=2827"},"modified":"2013-01-30T21:34:24","modified_gmt":"2013-01-30T20:34:24","slug":"har-klarat-mig-tva-ar","status":"publish","type":"post","link":"https:\/\/nillans.com\/?p=2827","title":{"rendered":"Har klarat mig tv\u00e5 \u00e5r"},"content":{"rendered":"<p>I tv\u00e5 \u00e5r har jag klara mig fr\u00e5n att springa ihop med en fd kollega i ngn aff\u00e4r.<br \/>\nIg\u00e5r br\u00f6ts trenden. P\u00e5 Maxi m\u00f6ter jag C fr\u00e5n senaste arbetsgruppen. Hon tittade p\u00e5 mig och sen fick jag en j\u00e4ttekram. Hon undrade hur det var med mig och varf\u00f6r hon inte sett mig p\u00e5 s\u00e5 l\u00e4nge. Svarade bara att jag varit nergr\u00e4vd men b\u00f6rjar ta mig upp igen. Efter en del &#8221;jag har t\u00e4nkt s\u00e5 mkt p\u00e5 dig&#8221; beh\u00f6vde jag leta reda p\u00e5 sv\u00e4rmor som g\u00e5tt med min vagn. En kram till och C gick bort\u00e5t\u00a0 med t\u00e5rar i \u00f6gonen. <\/p>\n<p>M\u00f6tet satte avtryck i mig. C tillh\u00f6r de b\u00e4ttre i gruppen och jag valde att se det positivt att det var just henne jag m\u00f6tte. <\/p>\n<p>Idag har jag haft mys i det Tyd\u00e9nska lugnet: heart:<\/p>\n<p><a href=\"http:\/\/nillans.com\/wp-content\/uploads\/2013\/01\/wpid-20130130_110423.jpg\"><img decoding=\"async\" title=\"20130130_110423.jpg\" class=\"alignnone size-full\" alt=\"image\" src=\"http:\/\/nillans.com\/wp-content\/uploads\/2013\/01\/wpid-20130130_110423.jpg\" \/><\/a><\/p>\n<p>Och f\u00e5glarna nj\u00f6t av regnet i 5.5 plusgrader. Senare p\u00e5 em kom \u00e4ven solen p\u00e5 kort visit. Det tackade jag henne f\u00f6r :-)<\/p>\n","protected":false},"excerpt":{"rendered":"<p>I tv\u00e5 \u00e5r har jag klara mig fr\u00e5n att springa ihop med en fd kollega i ngn aff\u00e4r. Ig\u00e5r br\u00f6ts trenden. P\u00e5 Maxi m\u00f6ter jag C fr\u00e5n senaste arbetsgruppen. Hon tittade p\u00e5 mig och sen fick jag en j\u00e4ttekram. Hon &hellip; <a href=\"https:\/\/nillans.com\/?p=2827\">Forts\u00e4tt l\u00e4sa <span class=\"meta-nav\">&rarr;<\/span><\/a><\/p>\n","protected":false},"author":1,"featured_media":0,"comment_status":"open","ping_status":"closed","sticky":false,"template":"","format":"standard","meta":{"footnotes":""},"categories":[5,11,15,16,33],"tags":[],"class_list":["post-2827","post","type-post","status-publish","format-standard","hentry","category-bara-annas","category-djur","category-fundersamt","category-gladje","category-mys-2"],"_links":{"self":[{"href":"https:\/\/nillans.com\/index.php?rest_route=\/wp\/v2\/posts\/2827","targetHints":{"allow":["GET"]}}],"collection":[{"href":"https:\/\/nillans.com\/index.php?rest_route=\/wp\/v2\/posts"}],"about":[{"href":"https:\/\/nillans.com\/index.php?rest_route=\/wp\/v2\/types\/post"}],"author":[{"embeddable":true,"href":"https:\/\/nillans.com\/index.php?rest_route=\/wp\/v2\/users\/1"}],"replies":[{"embeddable":true,"href":"https:\/\/nillans.com\/index.php?rest_route=%2Fwp%2Fv2%2Fcomments&post=2827"}],"version-history":[{"count":0,"href":"https:\/\/nillans.com\/index.php?rest_route=\/wp\/v2\/posts\/2827\/revisions"}],"wp:attachment":[{"href":"https:\/\/nillans.com\/index.php?rest_route=%2Fwp%2Fv2%2Fmedia&parent=2827"}],"wp:term":[{"taxonomy":"category","embeddable":true,"href":"https:\/\/nillans.com\/index.php?rest_route=%2Fwp%2Fv2%2Fcategories&post=2827"},{"taxonomy":"post_tag","embeddable":true,"href":"https:\/\/nillans.com\/index.php?rest_route=%2Fwp%2Fv2%2Ftags&post=2827"}],"curies":[{"name":"wp","href":"https:\/\/api.w.org\/{rel}","templated":true}]}}