{"id":2651,"date":"2012-11-08T23:17:45","date_gmt":"2012-11-08T22:17:45","guid":{"rendered":"http:\/\/nillans.com\/?p=2651"},"modified":"2012-11-08T23:17:45","modified_gmt":"2012-11-08T22:17:45","slug":"trassel","status":"publish","type":"post","link":"https:\/\/nillans.com\/?p=2651","title":{"rendered":"Trassel"},"content":{"rendered":"<p>Ja, livet k\u00e4nns minst sagt trassligt nu.<\/p>\n<p>Vi hade bes\u00f6k av en ny kommun som s\u00f6kt upp oss ang\u00e5ende en liten t\u00f6sabit. Vi fick svaret att de b\u00e5da prusiluskorna tyckte om oss men att politikerna i kommunen aldrig skulle ge sitt medgivande till en placering till en med kronisk sjukdom. De ville mer \u00e4n g\u00e4rna forts\u00e4tta med ett lite \u00e4ldre barn om behovet fanns fram\u00f6ver (och det g\u00f6r det ju tyv\u00e4rr alltid). De ville ganska omg\u00e5ende utreda oss som kontaktfamilj. Men d\u00e4r stoppar vi &#8211; Fj\u00e4rilen \u00e4r h\u00e4r som &#8221;kontaktbarn&#8221; och hon g\u00e5r f\u00f6rst. Hon ska inte beh\u00f6va dela sin helg med oss med ett annat barn som pockar p\u00e5 hela v\u00e5r uppm\u00e4rksamhet. Inte ens de helger hon bara \u00e4r ton\u00e5ring och slappar p\u00e5 rummet. Att dela oss med en fast placering \u00e4r en annan sak&#8230;<br \/>\nMen jag h\u00e4rsknade iaf till och b\u00f6rjade t\u00e4nka p\u00e5 HUR m\u00e5nga erk\u00e4nner kroniska sjukdomar f\u00f6r prusiluskorna?<br \/>\nHur m\u00e5nga erk\u00e4nner att de lider av migr\u00e4n?<br \/>\nHur m\u00e5nga erk\u00e4nner att de lider av h\u00f6stdepressioner?<br \/>\nHur m\u00e5nga erk\u00e4nner att de lider av v\u00e4rk? Alleriger? Psoriasis? Extrem synneds\u00e4ttning?<br \/>\nAllt kan ske!<br \/>\nBara f\u00f6r att vi \u00e4r \u00e4rliga om makens njursjuka och dialysen s\u00e5 f\u00e5r vi sm\u00e4ll p\u00e5 fingrarna (k\u00e4nns det som) f\u00f6r att han inte ska &#8221;h\u00e5lla&#8221; s\u00e5 l\u00e4nge. Men vad finns det f\u00f6r garantier f\u00f6r en icke njursjuk?? Eller garanti f\u00f6r att inte bli njursjuk som vuxen? Min make \u00e4r iaf uppvuxen med el\u00e4ndet och vet inget annat.<br \/>\nVad kan inte h\u00e4nda i bilen p\u00e5 v\u00e4g till jobbet eller liknande?<br \/>\nHyckleri anser jag.<\/p>\n<p>N\u00e4sta trassel \u00e4r min k\u00e4ra mobil som f\u00e5tt feber. Jag l\u00e4mnade in den till Telia i tisdags och idag fick jag mail om att den var unders\u00f6kt och att det var batteriet som var d\u00e5ligt. Batteriet har bara sex m\u00e5naders garanti. S\u00e5 klart de s\u00e4ger att det \u00e4r batteriet! The easy way out, lixom&#8217;. S\u00e5 jag protesterade. Jag ringde till de d\u00e4r som kallar sig experter och tekniker men fick bara prata med kundtj\u00e4nst. Tjejen l\u00e4ste innantill och talade om att kunden ofta tror att det \u00e4r telefonen n\u00e4r det \u00e4r batteriet som blir varmt. Jo, k\u00f6ss mig! Knappast! S\u00e5 m\u00e5nga g\u00e5nger som jag har delat p\u00e5 den s\u00e5 vet jag att batteriet \u00e4r svalt och platsen d\u00e4r processorn sitter \u00e4r gl\u00f6dhet. Det var ju likadant p\u00e5 Xperian och d\u00e4r bytte de mainboard. Efter ngr tafatta protester f\u00f6rstod tjejen att jag inte skulle ge mig, jag ville ha en n\u00e4rmare koll av mainboard mm och inte bara s\u00e4ga batteriet. Hon skulle prata med teknikerna och \u00e5terkomma.<br \/>\nDe &#8221;erbj\u00f6d&#8221; mig att byta batteriet f\u00f6r den n\u00e4tta summan av 846 kr inkl arbete. HAHAHA!!! Jag tror jag ska s\u00f6ka tj\u00e4nst hos dem med den timpengen ;)<br \/>\nJag f\u00e5r iaf forts\u00e4tta f\u00f6rs\u00f6ka klara av vardagen med den gamla X10. Det g\u00e5r men inte s\u00e4rskilt bra. Den \u00e4r seg&#8230;<\/p>\n<p>Men jag har iaf f\u00e5tt hem surroundsystemet igen :D De ringde fr\u00e5n MediaMarkt och sa att jag fick en ny s\u00e5 den \u00e4r h\u00e4mtad. Tyv\u00e4rr orkade jag inte installera den efter dagens strapatser. Jobbm\u00f6te d\u00e4r jag fick f\u00f6rvarning om att om vi inte hittar l\u00e4mpligt jobb den 22 nov s\u00e5 kommer jag varslas om upps\u00e4gning. Tungt och fruktansv\u00e4rt jobbigt! Sv\u00e4rmor och jag tog en tur till \u00d6rkelljunga f\u00f6r att kolla \u00f6ver hus och tomt. Nu orkar jag inte mer och ska bara se f\u00e4rdigt tredje Twilightfilmen innan jag landar p\u00e5 kudden.<\/p>\n","protected":false},"excerpt":{"rendered":"<p>Ja, livet k\u00e4nns minst sagt trassligt nu. Vi hade bes\u00f6k av en ny kommun som s\u00f6kt upp oss ang\u00e5ende en liten t\u00f6sabit. Vi fick svaret att de b\u00e5da prusiluskorna tyckte om oss men att politikerna i kommunen aldrig skulle ge &hellip; <a href=\"https:\/\/nillans.com\/?p=2651\">Forts\u00e4tt l\u00e4sa <span class=\"meta-nav\">&rarr;<\/span><\/a><\/p>\n","protected":false},"author":1,"featured_media":0,"comment_status":"open","ping_status":"closed","sticky":false,"template":"","format":"standard","meta":{"footnotes":""},"categories":[15,16,19,26,31],"tags":[],"class_list":["post-2651","post","type-post","status-publish","format-standard","hentry","category-fundersamt","category-gladje","category-ilska","category-livet","category-motvalls"],"_links":{"self":[{"href":"https:\/\/nillans.com\/index.php?rest_route=\/wp\/v2\/posts\/2651","targetHints":{"allow":["GET"]}}],"collection":[{"href":"https:\/\/nillans.com\/index.php?rest_route=\/wp\/v2\/posts"}],"about":[{"href":"https:\/\/nillans.com\/index.php?rest_route=\/wp\/v2\/types\/post"}],"author":[{"embeddable":true,"href":"https:\/\/nillans.com\/index.php?rest_route=\/wp\/v2\/users\/1"}],"replies":[{"embeddable":true,"href":"https:\/\/nillans.com\/index.php?rest_route=%2Fwp%2Fv2%2Fcomments&post=2651"}],"version-history":[{"count":0,"href":"https:\/\/nillans.com\/index.php?rest_route=\/wp\/v2\/posts\/2651\/revisions"}],"wp:attachment":[{"href":"https:\/\/nillans.com\/index.php?rest_route=%2Fwp%2Fv2%2Fmedia&parent=2651"}],"wp:term":[{"taxonomy":"category","embeddable":true,"href":"https:\/\/nillans.com\/index.php?rest_route=%2Fwp%2Fv2%2Fcategories&post=2651"},{"taxonomy":"post_tag","embeddable":true,"href":"https:\/\/nillans.com\/index.php?rest_route=%2Fwp%2Fv2%2Ftags&post=2651"}],"curies":[{"name":"wp","href":"https:\/\/api.w.org\/{rel}","templated":true}]}}