{"id":2593,"date":"2012-10-09T21:22:32","date_gmt":"2012-10-09T20:22:32","guid":{"rendered":"http:\/\/nillans.com\/?p=2593"},"modified":"2012-10-09T21:22:32","modified_gmt":"2012-10-09T20:22:32","slug":"jag-klistrar","status":"publish","type":"post","link":"https:\/\/nillans.com\/?p=2593","title":{"rendered":"Jag klistrar"},"content":{"rendered":"<p>Jag k\u00e4nner mig \u00e5ter misstrodd och denna g\u00e5ngen har det lett till att jag \u00e5ter klistrar p\u00e5 det &#8221;r\u00e4tta&#8221; ansiktet. Det ansikte som alla vill se. Ansiktet p\u00e5 en m\u00e4nniska som fixar allt&#8230;med ett leende.<br \/>\nInombords \u00e4r det kaos. Jag anklagar mig sj\u00e4lv f\u00f6r att jag inte f\u00e5r gjort det jag ska och \u00e5ker p\u00e5 v\u00e4rldens huvudv\u00e4rk som tack.<br \/>\nInombords gr\u00e5ter jag \u00f6ver miljoner saker men vem bryr sig? Jag har ju r\u00e4ttat till masken.<br \/>\nEtt brutet ben ser alla och f\u00f6rst\u00e5r att det g\u00f6r ont, kliar och drar ner hum\u00f6ret. Men n\u00e4r insidan \u00e4r &#8221;gipsad&#8221; och r\u00f6relsehindrad \u00e4r det ingen som ser det. Ett ben l\u00e4ker p\u00e5 ca 6 veckor men insidan finns inget gyllene m\u00e5tt f\u00f6r.<\/p>\n<p>Idag har maken tyckt att jag varit mer \u00e4n lovligt l\u00e4ttretlig. Mmm, jag k\u00e4nde det n\u00e4r jag sn\u00e4ste av honom tredje g\u00e5ngen bara f\u00f6r att han fr\u00e5gade ngt och jag d\u00e5 m\u00e5ste pausa boken&#8230;<\/p>\n<p>Jag har ingen vidare livslust (n\u00e4, jag har verkligen ingen d\u00f6dsl\u00e4ngtan s\u00e5 bli inte stirriga nu!) Jag ser verkligen ingen mening med att stiga upp varje morgon men g\u00f6r det f\u00f6r att man m\u00e5ste.<br \/>\nI detta kaos ska jag allts\u00e5 hitta arbetslust ocks\u00e5! Hur d\u00e5??<\/p>\n<p>Jag klistrar&#8230;p\u00e5 facet som ler medan insidan g\u00e5r s\u00f6nder bit f\u00f6r bit&#8230;<\/p>\n<p>En \u00f6de \u00f6 n\u00e5gon? Beh\u00f6ver inte vara stor&#8230;bara \u00f6de&#8230;<\/p>\n","protected":false},"excerpt":{"rendered":"<p>Jag k\u00e4nner mig \u00e5ter misstrodd och denna g\u00e5ngen har det lett till att jag \u00e5ter klistrar p\u00e5 det &#8221;r\u00e4tta&#8221; ansiktet. Det ansikte som alla vill se. Ansiktet p\u00e5 en m\u00e4nniska som fixar allt&#8230;med ett leende. Inombords \u00e4r det kaos. Jag &hellip; <a href=\"https:\/\/nillans.com\/?p=2593\">Forts\u00e4tt l\u00e4sa <span class=\"meta-nav\">&rarr;<\/span><\/a><\/p>\n","protected":false},"author":1,"featured_media":0,"comment_status":"open","ping_status":"closed","sticky":false,"template":"","format":"standard","meta":{"footnotes":""},"categories":[15,24,26,31],"tags":[],"class_list":["post-2593","post","type-post","status-publish","format-standard","hentry","category-fundersamt","category-ledsamt","category-livet","category-motvalls"],"_links":{"self":[{"href":"https:\/\/nillans.com\/index.php?rest_route=\/wp\/v2\/posts\/2593","targetHints":{"allow":["GET"]}}],"collection":[{"href":"https:\/\/nillans.com\/index.php?rest_route=\/wp\/v2\/posts"}],"about":[{"href":"https:\/\/nillans.com\/index.php?rest_route=\/wp\/v2\/types\/post"}],"author":[{"embeddable":true,"href":"https:\/\/nillans.com\/index.php?rest_route=\/wp\/v2\/users\/1"}],"replies":[{"embeddable":true,"href":"https:\/\/nillans.com\/index.php?rest_route=%2Fwp%2Fv2%2Fcomments&post=2593"}],"version-history":[{"count":0,"href":"https:\/\/nillans.com\/index.php?rest_route=\/wp\/v2\/posts\/2593\/revisions"}],"wp:attachment":[{"href":"https:\/\/nillans.com\/index.php?rest_route=%2Fwp%2Fv2%2Fmedia&parent=2593"}],"wp:term":[{"taxonomy":"category","embeddable":true,"href":"https:\/\/nillans.com\/index.php?rest_route=%2Fwp%2Fv2%2Fcategories&post=2593"},{"taxonomy":"post_tag","embeddable":true,"href":"https:\/\/nillans.com\/index.php?rest_route=%2Fwp%2Fv2%2Ftags&post=2593"}],"curies":[{"name":"wp","href":"https:\/\/api.w.org\/{rel}","templated":true}]}}