{"id":2504,"date":"2012-09-03T21:30:24","date_gmt":"2012-09-03T20:30:24","guid":{"rendered":"http:\/\/nillans.com\/?p=2504"},"modified":"2012-09-03T21:30:24","modified_gmt":"2012-09-03T20:30:24","slug":"nar-chefen-ringer","status":"publish","type":"post","link":"https:\/\/nillans.com\/?p=2504","title":{"rendered":"N\u00e4r chefen ringer"},"content":{"rendered":"<p>Bara jag h\u00f6r hennes r\u00f6st vill kroppen st\u00e4nga ner och slippa h\u00f6ra mer. Hon \u00e4r inst\u00e4llsam och f\u00f6rs\u00f6ker verka bry sig. I n\u00e4sta andetag s\u00e4ger hon sitt \u00e4rende, jag \u00e4r kallad till m\u00f6te med henne och personalsekreteraren. Jag m\u00e5ste fr\u00e5ga f\u00f6r att f\u00e5 reda p\u00e5 vad m\u00f6tet g\u00e4ller&#8230;&#8221;om att st\u00e5 till arbetsmarknadens f\u00f6rfogande&#8221;. Fin omskrivning f\u00f6r &#8221;vi kommer avskeda dig&#8221;&#8230;<br \/>\nRingde genast min kurator som sa att jag inte skulle g\u00e5 med p\u00e5 n\u00e5gonting. Hon har fullt den dagen och kan inte vara med. Hur kan det komma sig att hon har flera klienter som g\u00e5tt sjukskrivna i tio \u00e5r och fortfarande har sina tj\u00e4nster kvar?<br \/>\nRingde Josef p\u00e5 facket och talade in p\u00e5 svararen vad som h\u00e4nt. Hoppas han ringer i morgon&#8230; N\u00e4r vi hade senaste m\u00f6tet med FK <strong>f\u00f6rs\u00e4krade <\/strong>han mig om att det blir omplacering och inte upps\u00e4gning, jag skulle inte vara ledsen och orolig. Facket har l\u00f6st i stort sett alla \u00e4rende och han var inte bekymrad \u00f6ver mig. Men JAG \u00e4r! Varje dag \u00e4r en kamp som ingen utom kanske min k\u00e4re make ser. Nu ska d\u00e5 det kampas om en arbetsexistens ocks\u00e5! Snart 44 \u00e5r och kastas ut som en gammal disktrasa som inte l\u00e4ngre tar upp smutsen.<br \/>\nJag \u00e4r bitter p\u00e5 kommunen! S\u00e5 in i *piiiiiiiiiip* bitter!<\/p>\n<p>Men nu \u00e4r det ju s\u00e5 att jag f\u00f6rs\u00f6ker tvinga mig sj\u00e4lv till positivt t\u00e4nkande. S\u00e5 jag f\u00f6rs\u00f6ker v\u00e4lja att se en utmaning ist\u00e4llet. \u00c4ven om dr s\u00e4ger att jag kommer f\u00e5 acceptera att vara halvt sjukskriven f\u00f6r gott s\u00e5 kanske jag kan f\u00e5 den andra halvan p\u00e5 ngt som inspirerar, ger mig ngt, ngt nytt. Kanske FK kan g\u00e5 med p\u00e5 att jag l\u00e4gger lite timmar p\u00e5 min firma? (Mest troligt inte) Utmaning, positivt t\u00e4nkande&#8230;inte grubbla \u00f6ver ekonomin&#8230;<\/p>\n<p>I morgon ska jag ta kontakt med en juristfirma som specialiserat sig p\u00e5 upps\u00e4gning under sjukskrivning. De ska f\u00e5 guida mig, guida mig i hur jag ska hantera detta och \u00e4ven i vad jag kan kr\u00e4va i ers\u00e4ttning fr\u00e5n kommunen om de ska k\u00f6pa sig fria.<\/p>\n<p>Positivt t\u00e4nkande &#8211; hittade orsaken till m\u00f6gellukten i tv-rummet, en s\u00e4ck med skr\u00e4p som f\u00f6rmodligen \u00e5kt med hem fr\u00e5n \u00d6\u00f6\u00f6\u00f6rkelljunga ;-)<br \/>\nHar \u00e4ven f\u00e5tt ig\u00e5ng Irmas dator (med tre virusskydd som troligen br\u00e5kat med varandra) H\u00e5rddisken l\u00e5ter inte frisk s\u00e5 jag lurar p\u00e5 om hon tappat den eller om den blivit h\u00e5rt hanterad p\u00e5 annat s\u00e4tt. Den \u00e4r ju bara 4 m\u00e5n gammal och borde inte l\u00e5ta s\u00e5 illa. Kanske b\u00e4st att s\u00e4kerhetskopiera alla filer om-i-fall-att&#8230;<\/p>\n<p>Ngn som har en \u00f6de \u00f6 till \u00f6vers?<\/p>\n","protected":false},"excerpt":{"rendered":"<p>Bara jag h\u00f6r hennes r\u00f6st vill kroppen st\u00e4nga ner och slippa h\u00f6ra mer. Hon \u00e4r inst\u00e4llsam och f\u00f6rs\u00f6ker verka bry sig. I n\u00e4sta andetag s\u00e4ger hon sitt \u00e4rende, jag \u00e4r kallad till m\u00f6te med henne och personalsekreteraren. Jag m\u00e5ste fr\u00e5ga &hellip; <a href=\"https:\/\/nillans.com\/?p=2504\">Forts\u00e4tt l\u00e4sa <span class=\"meta-nav\">&rarr;<\/span><\/a><\/p>\n","protected":false},"author":1,"featured_media":0,"comment_status":"open","ping_status":"closed","sticky":false,"template":"","format":"standard","meta":{"footnotes":""},"categories":[15,19,24,26,31],"tags":[],"class_list":["post-2504","post","type-post","status-publish","format-standard","hentry","category-fundersamt","category-ilska","category-ledsamt","category-livet","category-motvalls"],"_links":{"self":[{"href":"https:\/\/nillans.com\/index.php?rest_route=\/wp\/v2\/posts\/2504","targetHints":{"allow":["GET"]}}],"collection":[{"href":"https:\/\/nillans.com\/index.php?rest_route=\/wp\/v2\/posts"}],"about":[{"href":"https:\/\/nillans.com\/index.php?rest_route=\/wp\/v2\/types\/post"}],"author":[{"embeddable":true,"href":"https:\/\/nillans.com\/index.php?rest_route=\/wp\/v2\/users\/1"}],"replies":[{"embeddable":true,"href":"https:\/\/nillans.com\/index.php?rest_route=%2Fwp%2Fv2%2Fcomments&post=2504"}],"version-history":[{"count":0,"href":"https:\/\/nillans.com\/index.php?rest_route=\/wp\/v2\/posts\/2504\/revisions"}],"wp:attachment":[{"href":"https:\/\/nillans.com\/index.php?rest_route=%2Fwp%2Fv2%2Fmedia&parent=2504"}],"wp:term":[{"taxonomy":"category","embeddable":true,"href":"https:\/\/nillans.com\/index.php?rest_route=%2Fwp%2Fv2%2Fcategories&post=2504"},{"taxonomy":"post_tag","embeddable":true,"href":"https:\/\/nillans.com\/index.php?rest_route=%2Fwp%2Fv2%2Ftags&post=2504"}],"curies":[{"name":"wp","href":"https:\/\/api.w.org\/{rel}","templated":true}]}}