{"id":2496,"date":"2012-09-01T21:01:18","date_gmt":"2012-09-01T20:01:18","guid":{"rendered":"http:\/\/nillans.com\/?p=2496"},"modified":"2012-09-01T21:01:18","modified_gmt":"2012-09-01T20:01:18","slug":"forsta-hostdagen","status":"publish","type":"post","link":"https:\/\/nillans.com\/?p=2496","title":{"rendered":"F\u00f6rsta h\u00f6stdagen"},"content":{"rendered":"<p>Alla gnyr. Alla gn\u00e4ller. Alla beklagar att sommaren \u00e4r slut.<br \/>\nJag r\u00f6jde och st\u00e4dade bort min sommar i sv\u00e4rfars hus.<br \/>\nMen det \u00e4r inte bara d\u00e4rf\u00f6r jag v\u00e4lkomnar h\u00f6sten, jag \u00e4lskar h\u00f6sten! Det \u00e4r lagom varmt, h\u00f6g och l\u00e4ttandad luft. Jag blir glad, jag m\u00e5r bra&#8230;till och med n\u00e4r det regnar. \u00c4r det l\u00e4tt regn kan jag \u00e4nd\u00e5 vara ute och \u00f6ser det ner f\u00e5r jag s\u00e4tta mig vid spisen, t\u00e4nda doftljus och dricka ngt varmt.<br \/>\nDet negativa med h\u00f6sten \u00e4r att snart \u00e4r det vinter. Vintern \u00e4r ocks\u00e5 fin men min kropp fixar inte kylan. Lika lite som den klarar v\u00e4rme&#8230;<br \/>\nOm lite drygt 100 dagar \u00e4r det jul&#8230;och sen v\u00e4nder det igen ;-)<br \/>\n<img decoding=\"async\" title=\"IMG_20120901_182214.jpg\" class=\"alignnone\" alt=\"image\" src=\"http:\/\/nillans.com\/wp-content\/uploads\/2012\/09\/wpid-IMG_20120901_182214.jpg\" \/> <\/p>\n<p>Min agapanthus tyckte om att komma p\u00e5 friland och slog precis ut sina blommor i senaste (sista?) st\u00e4ngeln. N\u00e4r frosten nalkas ska jag b\u00e4dda in den s\u00e5 mkt jag kan s\u00e5 ska den klara sig. V\u00e4rre \u00e4r var jag ska g\u00f6ra av guldfiskarna i vinter :-<br \/>\nT\u00e5l att fundera p\u00e5&#8230;<\/p>\n","protected":false},"excerpt":{"rendered":"<p>Alla gnyr. Alla gn\u00e4ller. Alla beklagar att sommaren \u00e4r slut. Jag r\u00f6jde och st\u00e4dade bort min sommar i sv\u00e4rfars hus. Men det \u00e4r inte bara d\u00e4rf\u00f6r jag v\u00e4lkomnar h\u00f6sten, jag \u00e4lskar h\u00f6sten! Det \u00e4r lagom varmt, h\u00f6g och l\u00e4ttandad luft. &hellip; <a href=\"https:\/\/nillans.com\/?p=2496\">Forts\u00e4tt l\u00e4sa <span class=\"meta-nav\">&rarr;<\/span><\/a><\/p>\n","protected":false},"author":1,"featured_media":0,"comment_status":"open","ping_status":"closed","sticky":false,"template":"","format":"standard","meta":{"footnotes":""},"categories":[11,26,34],"tags":[],"class_list":["post-2496","post","type-post","status-publish","format-standard","hentry","category-djur","category-livet","category-natur"],"_links":{"self":[{"href":"https:\/\/nillans.com\/index.php?rest_route=\/wp\/v2\/posts\/2496","targetHints":{"allow":["GET"]}}],"collection":[{"href":"https:\/\/nillans.com\/index.php?rest_route=\/wp\/v2\/posts"}],"about":[{"href":"https:\/\/nillans.com\/index.php?rest_route=\/wp\/v2\/types\/post"}],"author":[{"embeddable":true,"href":"https:\/\/nillans.com\/index.php?rest_route=\/wp\/v2\/users\/1"}],"replies":[{"embeddable":true,"href":"https:\/\/nillans.com\/index.php?rest_route=%2Fwp%2Fv2%2Fcomments&post=2496"}],"version-history":[{"count":0,"href":"https:\/\/nillans.com\/index.php?rest_route=\/wp\/v2\/posts\/2496\/revisions"}],"wp:attachment":[{"href":"https:\/\/nillans.com\/index.php?rest_route=%2Fwp%2Fv2%2Fmedia&parent=2496"}],"wp:term":[{"taxonomy":"category","embeddable":true,"href":"https:\/\/nillans.com\/index.php?rest_route=%2Fwp%2Fv2%2Fcategories&post=2496"},{"taxonomy":"post_tag","embeddable":true,"href":"https:\/\/nillans.com\/index.php?rest_route=%2Fwp%2Fv2%2Ftags&post=2496"}],"curies":[{"name":"wp","href":"https:\/\/api.w.org\/{rel}","templated":true}]}}