{"id":2488,"date":"2012-08-29T16:20:19","date_gmt":"2012-08-29T15:20:19","guid":{"rendered":"http:\/\/nillans.com\/?p=2488"},"modified":"2012-08-29T16:20:19","modified_gmt":"2012-08-29T15:20:19","slug":"har-du-mott-anncharloth","status":"publish","type":"post","link":"https:\/\/nillans.com\/?p=2488","title":{"rendered":"Har du m\u00f6tt AnnCharloth?"},"content":{"rendered":"<p>D\u00e5 vet du att den quinnan \u00e4r i en klass f\u00f6r sig!<br \/>\nHon \u00e4lskar kultur av, jag tror, alla slag. Teater, b\u00f6cker, musik, konst, hantverk&#8230;ja i stort sett allt.<br \/>\nL8 \u00e4lskar sin annorlunda familj tills hon sj\u00e4lv stupar.<br \/>\nL8 \u00e4r en v\u00e4n till alla som vill vara hennes men f\u00e5 stannar kvar d\u00e5 det \u00e4r ngt f\u00f6r livligt i familjen. De som stannar kvar har dock f\u00f6rm\u00e5nen att bli en del av familjen, bli en del av L8s liv.<br \/>\nL8 t\u00e4nker alltid p\u00e5 andra och kv\u00e4ver oftast sina egna behov. Det \u00e4r INTE okej, L8!<br \/>\nIdag kom fina L8 p\u00e5 fika trots att jag har en gr\u00f6n f\u00f6rkylning&#8230;BubbelBabbel g\u00e5r f\u00f6rbi f\u00f6rkylningar ;-)<br \/>\nSom om hon kunde l\u00e4sa mina tankar (\u00e4r extremt t\u00f6rstig fortfarande trots att jag slutat med medicinen) hade hon med sig en av mina favoritdrycker :heart:<\/p>\n<p><img decoding=\"async\" class=\"alignnone\" title=\"20120829_170712.jpg\" src=\"http:\/\/nillans.com\/wp-content\/uploads\/2012\/08\/wpid-20120829_170712.jpg\" alt=\"image\" \/><\/p>\n<p>\u00c5hhh s\u00e5 gott!!<br \/>\nJa, \u00e4ppelkakan och vaniljs\u00e5sen satt gott till kaffet, absolut! Men nu n\u00e4r jag g\u00e5r h\u00e4r och f\u00f6rs\u00f6ker hitta mitt forna hem, \u00f6msom snytandes, svalkar det ljuvligt i halsen med Kiviksdryck. Tusen tack!<\/p>\n","protected":false},"excerpt":{"rendered":"<p>D\u00e5 vet du att den quinnan \u00e4r i en klass f\u00f6r sig! Hon \u00e4lskar kultur av, jag tror, alla slag. Teater, b\u00f6cker, musik, konst, hantverk&#8230;ja i stort sett allt. L8 \u00e4lskar sin annorlunda familj tills hon sj\u00e4lv stupar. L8 \u00e4r &hellip; <a href=\"https:\/\/nillans.com\/?p=2488\">Forts\u00e4tt l\u00e4sa <span class=\"meta-nav\">&rarr;<\/span><\/a><\/p>\n","protected":false},"author":1,"featured_media":0,"comment_status":"open","ping_status":"closed","sticky":false,"template":"","format":"standard","meta":{"footnotes":""},"categories":[14,16,26,47],"tags":[],"class_list":["post-2488","post","type-post","status-publish","format-standard","hentry","category-for-en-god-sak","category-gladje","category-livet","category-vanskap"],"_links":{"self":[{"href":"https:\/\/nillans.com\/index.php?rest_route=\/wp\/v2\/posts\/2488","targetHints":{"allow":["GET"]}}],"collection":[{"href":"https:\/\/nillans.com\/index.php?rest_route=\/wp\/v2\/posts"}],"about":[{"href":"https:\/\/nillans.com\/index.php?rest_route=\/wp\/v2\/types\/post"}],"author":[{"embeddable":true,"href":"https:\/\/nillans.com\/index.php?rest_route=\/wp\/v2\/users\/1"}],"replies":[{"embeddable":true,"href":"https:\/\/nillans.com\/index.php?rest_route=%2Fwp%2Fv2%2Fcomments&post=2488"}],"version-history":[{"count":0,"href":"https:\/\/nillans.com\/index.php?rest_route=\/wp\/v2\/posts\/2488\/revisions"}],"wp:attachment":[{"href":"https:\/\/nillans.com\/index.php?rest_route=%2Fwp%2Fv2%2Fmedia&parent=2488"}],"wp:term":[{"taxonomy":"category","embeddable":true,"href":"https:\/\/nillans.com\/index.php?rest_route=%2Fwp%2Fv2%2Fcategories&post=2488"},{"taxonomy":"post_tag","embeddable":true,"href":"https:\/\/nillans.com\/index.php?rest_route=%2Fwp%2Fv2%2Ftags&post=2488"}],"curies":[{"name":"wp","href":"https:\/\/api.w.org\/{rel}","templated":true}]}}