{"id":2406,"date":"2012-08-01T20:09:17","date_gmt":"2012-08-01T19:09:17","guid":{"rendered":"http:\/\/nillans.com\/?p=2406"},"modified":"2012-08-01T20:09:17","modified_gmt":"2012-08-01T19:09:17","slug":"motvallsdag","status":"publish","type":"post","link":"https:\/\/nillans.com\/?p=2406","title":{"rendered":"Motvallsdag"},"content":{"rendered":"<p>Vaknade med extrem huvudv\u00e4rk och ins\u00e5g att det \u00e4r liiite mkt nu. Men idag skulle jag ju beta av ngr av de d\u00e4r sakerna som stressar mig.<\/p>\n<p>Fick i mig frukost efter att ha ringt och v\u00e4ckt k\u00e4rleken (han ville vara vaken innan personalen p\u00e5 patienthotellet kom in).<\/p>\n<p>Fick inte till det d\u00e4r med att st\u00e4lla in halvljuset p\u00e5 bilen s\u00e5 jag ringde helt sonika till Carspect och fr\u00e5gade om de kunde hj\u00e4lpa mig n\u00e4r jag kom in. Jod\u00e5, s\u00e5 klart de gjorde det om bara justeringsskruvarna fungerade s\u00e5. Glad i h\u00e5gen och tacksam f\u00f6r att det finns v\u00e4nliga m\u00e4nniskor var jag redo f\u00f6r resten av dagen. Efter att ha sl\u00e4ppt ut odjuren och kissat hundarna styrde jag mot staden f\u00f6r ombesiktning.<br \/>\nDet b\u00f6rjade klia i nacken&#8230;ngt k\u00e4ndes fel, helt fel. Stannade p\u00e5 en p-ficka och konstaterade att det d\u00e4r i nacken var en ond aning som st\u00e4mde<br \/>\n:( Lampan som sn\u00e4lle N hade hj\u00e4lpt mig med i s\u00e5 m\u00e5nga timmar ig\u00e5r (ja, det var ju egentligen inte positionslampan som br\u00e5kade utan helljuset som satt l\u00f6st och inte gick att f\u00e5 p\u00e5 plats) var svart, becksvart! T\u00e5rarna b\u00f6rjade rinna l\u00e4ngs kinderna och jag \u00f6verlade med mig sj\u00e4lv &#8211; forts\u00e4tta till stan och h\u00e4mta fr\u00f6er och hoppas att ingen farbror Bl\u00e5 haffar mig eller k\u00f6ra hem och ta Lagunan med muskelservo.<\/p>\n<p><img loading=\"lazy\" decoding=\"async\" class=\"alignnone\" title=\"hmmm\" src=\"http:\/\/www.nillans.com\/Emoticons\/Hmm\/0676.gif\" alt=\"\" width=\"50\" height=\"51\" \/>Hmmm&#8230;jag k\u00f6rde hem och bytte bil. Tack och lov startade den direkt trots att den st\u00e5tt stilla i cirka tre veckor.<br \/>\nMaria var sn\u00e4ll och hj\u00e4lpte mig med fr\u00f6s\u00e4ckarna och vi fick bytt n\u00e5gra ord \u00e5tminstone. Jag gillar Maria, hon \u00e4r en sk\u00f6n m\u00e4nniska som klarat av massor med stora motg\u00e5ngar och landat p\u00e5 f\u00f6tterna&#8230;.n\u00e5got s\u00e5 n\u00e4r iaf.<\/p>\n<p>Tog mig till Fj\u00e4llbacka och s\u00e5g att jag hade lite tid innan jag skulle vara hos sv\u00e4rfar s\u00e5 jag passade p\u00e5 att ta ut pengar och handla lite. \u00c4ta b\u00f6r man annars d\u00f6r man&#8230;<br \/>\nSv\u00e4rfar blev glad n\u00e4r jag kom, s\u00e5 glad att det rann en t\u00e5r l\u00e4ngs ena kinden. Vi pratade, eller ja, vi f\u00f6rs\u00f6kte prata. Idag var ingen bra dag, idag fanns inte orden d\u00e4r de skulle f\u00f6r honom. Jag tackar alla mina \u00e5r inom v\u00e5rden och speciellt alla \u00e5r med dementa och de med afasi. Jag kunde h\u00e5lla samtalet ig\u00e5ng ganska bra genom att gissa vad han menade. Det var han glad \u00f6ver. &#8221;Min gosse&#8221; sa han och klappade den lille 2-\u00e5rige gossen p\u00e5 fotot. &#8221;Han \u00e4r min nu&#8221; svarade jag och gubben skrattade inst\u00e4mmande.<br \/>\nJag tycker inte om att ljuga men att ber\u00e4tta f\u00f6r sv\u00e4rfar att hans son ligger p\u00e5 sjukhuset och ska genomg\u00e5 en liten op i morgon \u00e4r inte lyckat. S\u00e5 jag fick k\u00f6ra varianten med att han-\u00e4r-hemma-hos-djuren och det accepterades direkt.<\/p>\n<p>Doktorn kom och unders\u00f6kte sv\u00e4rfar. Allt l\u00e4t bra f\u00f6rutom hans k\u00e4rlkramp och efter lite \u00f6verl\u00e4ggning kom vi fram till att en Imdur om dagen nog skulle fixa problemet. Visserligen vill inte sv\u00e4rfar ha fler mediciner \u00e4n sitt lilla hj\u00e4rta (Trombyl) men accepterade att ta ytterligare en tablett f\u00f6r &#8221;annars blir hon s\u00e5 arg&#8221;, sa han till doktorn och pekade menande \u00e5t mig med ett litet smil. Till h\u00f6sten ska en ny demensutredning g\u00f6ras och dr varnade f\u00f6r att det kommer vara betydligt s\u00e4mre resultat \u00e4n vad det var f\u00f6r tv\u00e5 \u00e5r sedan. Men det vet jag ju, jag ser och m\u00e4rker hur fort det g\u00e5r.<br \/>\nJag fick receptet (f\u00f6r dr mottagning har inte f\u00e5tt ig\u00e5ng e-receptprogrammet \u00e4n) och k\u00f6rde hem.<\/p>\n<p>Tog en v\u00e4nda inom Vanneberga Bil och gjorde mig skuldfri och fr\u00e5gade vem som kan hj\u00e4lpa mig med bilarna. Fick str\u00e4nga order om att INTE f\u00f6rs\u00f6ka byta servoslangen sj\u00e4lv p\u00e5 Lagunan. Ingvar k\u00e4nner mig nog ganska v\u00e4l, hahaha. I morgon ska jag ringa JB och boka tid till Passaten n\u00e4sta vecka (d\u00e5 sl\u00e4cks tv\u00e5orna p\u00e5 samma g\u00e5ng som den lagas) och Lasse i Kolamossen f\u00f6r servo &#8211; och handbromsreparation p\u00e5 Lagunan. Har jag tur kan Lasse ta Lagunan redan i morgon och jag kan samordna s\u00e5 jag kan \u00e5ka hem med far n\u00e4r han passerar med v\u00e5r ved. Annars g\u00e5r jag &#8211; det \u00e4r jag van vid och tycker om str\u00e4ckan.<\/p>\n<p>Orkade inte b\u00e4ra in alla fr\u00f6s\u00e4ckarna, gick in och tog en kaffe ist\u00e4llet&#8230;och pratade med k\u00e4rleken som l\u00e5g i femoraldialys (skitstor kateter sticks in i ljumsken) i Lund. Passade p\u00e5 att ha spagetti och k\u00f6ttf\u00e4rss\u00e5s med massor av vitl\u00f6k i till kv\u00e4llsmat nu n\u00e4r jag \u00e4nd\u00e5 \u00e4r sj\u00e4lv. Gott!!<\/p>\n<p>K\u00e4rleken har ringt och sagt godnatt. Han sover p\u00e5 9:an i natt, p\u00e5 eget rum. 5:45 kommer taxin och h\u00e4mtar honom i morgon bitti f\u00f6r han ska vara i Malm\u00f6 kl 7 (fattar inte att det ska ta en timme och en kvart mellan Lund och Malm\u00f6 &#8211; kan ju max ta en kvart!). Jag hoppas han ringer i morgon n\u00e4r han anl\u00e4nt UMAS s\u00e5 jag hinner prata med honom&#8230;det \u00e4r lixom n\u00f6dv\u00e4ndigt att f\u00e5 s\u00e4ga ytterligare en g\u00e5ng att jag \u00e4lskar honom innan han l\u00e4ggs p\u00e5 op-bordet. Kanske f\u00e5nigt men &#8230; ja, ni vet&#8230;han blir sv\u00e5rare och sv\u00e5rare att v\u00e4cka efter op<\/p>\n<p><img decoding=\"async\" title=\"Worried\" src=\"http:\/\/nillans.com\/wp-content\/plugins\/simple-tinymce-button-upgrade\/moods\/img\/\/unhappy\/Worried.gif\" alt=\"Worried\" border=\"0\" \/><\/p>\n<p>F\u00e5glarna \u00e4r nattade, hundarna kissade och snart \u00e4r kaffet nere och d\u00e5 g\u00e5r jag till kudden.<\/p>\n","protected":false},"excerpt":{"rendered":"<p>Vaknade med extrem huvudv\u00e4rk och ins\u00e5g att det \u00e4r liiite mkt nu. Men idag skulle jag ju beta av ngr av de d\u00e4r sakerna som stressar mig. Fick i mig frukost efter att ha ringt och v\u00e4ckt k\u00e4rleken (han ville &hellip; <a href=\"https:\/\/nillans.com\/?p=2406\">Forts\u00e4tt l\u00e4sa <span class=\"meta-nav\">&rarr;<\/span><\/a><\/p>\n","protected":false},"author":1,"featured_media":0,"comment_status":"open","ping_status":"closed","sticky":false,"template":"","format":"standard","meta":{"footnotes":""},"categories":[10,15,19,21,24,26,31],"tags":[],"class_list":["post-2406","post","type-post","status-publish","format-standard","hentry","category-dialys-2","category-fundersamt","category-ilska","category-karlek-2","category-ledsamt","category-livet","category-motvalls"],"_links":{"self":[{"href":"https:\/\/nillans.com\/index.php?rest_route=\/wp\/v2\/posts\/2406","targetHints":{"allow":["GET"]}}],"collection":[{"href":"https:\/\/nillans.com\/index.php?rest_route=\/wp\/v2\/posts"}],"about":[{"href":"https:\/\/nillans.com\/index.php?rest_route=\/wp\/v2\/types\/post"}],"author":[{"embeddable":true,"href":"https:\/\/nillans.com\/index.php?rest_route=\/wp\/v2\/users\/1"}],"replies":[{"embeddable":true,"href":"https:\/\/nillans.com\/index.php?rest_route=%2Fwp%2Fv2%2Fcomments&post=2406"}],"version-history":[{"count":0,"href":"https:\/\/nillans.com\/index.php?rest_route=\/wp\/v2\/posts\/2406\/revisions"}],"wp:attachment":[{"href":"https:\/\/nillans.com\/index.php?rest_route=%2Fwp%2Fv2%2Fmedia&parent=2406"}],"wp:term":[{"taxonomy":"category","embeddable":true,"href":"https:\/\/nillans.com\/index.php?rest_route=%2Fwp%2Fv2%2Fcategories&post=2406"},{"taxonomy":"post_tag","embeddable":true,"href":"https:\/\/nillans.com\/index.php?rest_route=%2Fwp%2Fv2%2Ftags&post=2406"}],"curies":[{"name":"wp","href":"https:\/\/api.w.org\/{rel}","templated":true}]}}