{"id":2349,"date":"2012-07-22T07:52:17","date_gmt":"2012-07-22T06:52:17","guid":{"rendered":"http:\/\/nillans.com\/?p=2349"},"modified":"2012-07-22T07:52:17","modified_gmt":"2012-07-22T06:52:17","slug":"sommarmorgon-sa-fin-en-sorgens-dag","status":"publish","type":"post","link":"https:\/\/nillans.com\/?p=2349","title":{"rendered":"Sommarmorgon &#8211; s\u00e5 fin en sorgens dag"},"content":{"rendered":"<p>Det \u00e4r f\u00f6r mkt att t\u00e4nka p\u00e5 nu s\u00e5 jag sover d\u00e5ligt, riktigt d\u00e5ligt.<br \/>\nVaknade kl 6.50 och ins\u00e5g att det var lika bra att stiga upp, jag skulle \u00e4nd\u00e5 bara ligga och snurra runt.<br \/>\nDet finns behov av s\u00f6mn kvar i kroppen men som sagt, lika bra att g\u00e5 upp och starta dagen.<\/p>\n<p>Tar mitt kaffe med mig till gamla altanen och njuter.<br \/>\nNjuter av nybryggt kaffe men \u00e4ven av alla sommartecken.<\/p>\n<p>Det \u00e4r klarbl\u00e5 himmel.<br \/>\nDet \u00e4r 21 grader redan.<br \/>\nEn m\u00e5s seglar \u00f6ver strandkanten och skriker till ibland s\u00e5 som m\u00e5sar g\u00f6r.<br \/>\nJag h\u00f6r sm\u00e5 barn som skrattar.<br \/>\nJag h\u00f6r f\u00f6r\u00e4ldrar till dessa sm\u00e5barn som ropar f\u00f6r att f\u00e5 frukostuppm\u00e4rksamhet.<br \/>\nFler barn som springer och skrattar.<br \/>\nEn svala flyger f\u00f6rbi, snabbt som en pil.<\/p>\n<p>Blundar jag l\u00e4r jag somna d\u00e4r p\u00e5 altanen, det \u00e4r jag s\u00e4ker p\u00e5.<\/p>\n<p>St\u00e4nger \u00f6gonen en kort stund i alla fall och ser f\u00f6r mitt inre en, av m\u00e5nga, sommarmorgon i N\u00e5thult. <a href=\"http:\/\/www.hollunge.se\" target=\"_blank\">Hollungen<\/a> och jag \u00a0i v\u00e5ra sommarpyjamasar, min med r\u00f6da shorts och r\u00f6d\/vit-rutig t-shirt och syrran i en dito fast bl\u00e5.<br \/>\nDet luktar N\u00e5thult.<br \/>\nDet surrar bi och getingar i morfars frukttr\u00e4d.<br \/>\nFar drar upp vatten fr\u00e5n brunnen med hinken som h\u00e4nger d\u00e4ri. Detta iskalla klara vatten s\u00e5 gott som inget annat vatten.<br \/>\nInne har mor satt ig\u00e5ng med att koka kaffevatten.<br \/>\n\u00d6ppnar d\u00f6rren till det som fungerar som skafferi och r\u00e4cker mor sm\u00f6r och p\u00e5l\u00e4gg fr\u00e5n kylv\u00e4skan samtidigt som sommarspels-sakerna lockar \u00f6gat. &#8221;Sn\u00e4lla, f\u00e5r jag ta ut det?&#8221; Frukost f\u00f6rst, h\u00e4vdar mor.<\/p>\n<p>K\u00e4nslan av att springa runt i gr\u00e4set, g\u00e5 ner till den lilla skogsdungen (fast vi inte fick f\u00f6r d\u00e4r fanns ormar), att g\u00e5 l\u00e4ngs v\u00e4gen och tr\u00e4 smultron p\u00e5 str\u00e5 och kanske lyckas hitta ett bl\u00e5b\u00e4r att varvar mellan de r\u00f6da.<br \/>\nAtt p\u00e5 v\u00e4g in till mormor och morfar stanna vid sj\u00f6n och bada men \u00e4ven \u00e5terkomsten till N\u00e5thult sent p\u00e5 kv\u00e4llen och b\u00e4ddas ner i en s\u00e4ng som \u00e4r ovan och \u00e4nd\u00e5 s\u00e5 van och k\u00e4r.<\/p>\n<p>Jag hoppas barnen p\u00e5 Land\u00f6n kommer ha samma sorts barnsdomsminnen.<br \/>\nK\u00e4nslan av frihet, lycka och k\u00e4rlek.<\/p>\n<p>Trots att jag njuter av sommarmorgonen och mina minnen s\u00e5 \u00e4r detta en dag som \u00e4r svart f\u00f6r s\u00e5 m\u00e5nga.<br \/>\nI dag \u00e4r det den 22 juli, exakt ett \u00e5r sedan Ut\u00f8ja invaderades av en komplett galning vars m\u00e5l var att ha ihj\u00e4l ALLA p\u00e5 \u00f6n.<br \/>\nMina tankar g\u00e5r till de \u00f6verlevande och till de som fattas n\u00e5gon k\u00e4r.<br \/>\nMitt ljus brinner hela dagen f\u00f6r er och era k\u00e4ra. :heart:<\/p>\n","protected":false},"excerpt":{"rendered":"<p>Det \u00e4r f\u00f6r mkt att t\u00e4nka p\u00e5 nu s\u00e5 jag sover d\u00e5ligt, riktigt d\u00e5ligt. Vaknade kl 6.50 och ins\u00e5g att det var lika bra att stiga upp, jag skulle \u00e4nd\u00e5 bara ligga och snurra runt. Det finns behov av s\u00f6mn &hellip; <a href=\"https:\/\/nillans.com\/?p=2349\">Forts\u00e4tt l\u00e4sa <span class=\"meta-nav\">&rarr;<\/span><\/a><\/p>\n","protected":false},"author":1,"featured_media":0,"comment_status":"open","ping_status":"closed","sticky":false,"template":"","format":"standard","meta":{"footnotes":""},"categories":[15,16,24,26],"tags":[],"class_list":["post-2349","post","type-post","status-publish","format-standard","hentry","category-fundersamt","category-gladje","category-ledsamt","category-livet"],"_links":{"self":[{"href":"https:\/\/nillans.com\/index.php?rest_route=\/wp\/v2\/posts\/2349","targetHints":{"allow":["GET"]}}],"collection":[{"href":"https:\/\/nillans.com\/index.php?rest_route=\/wp\/v2\/posts"}],"about":[{"href":"https:\/\/nillans.com\/index.php?rest_route=\/wp\/v2\/types\/post"}],"author":[{"embeddable":true,"href":"https:\/\/nillans.com\/index.php?rest_route=\/wp\/v2\/users\/1"}],"replies":[{"embeddable":true,"href":"https:\/\/nillans.com\/index.php?rest_route=%2Fwp%2Fv2%2Fcomments&post=2349"}],"version-history":[{"count":0,"href":"https:\/\/nillans.com\/index.php?rest_route=\/wp\/v2\/posts\/2349\/revisions"}],"wp:attachment":[{"href":"https:\/\/nillans.com\/index.php?rest_route=%2Fwp%2Fv2%2Fmedia&parent=2349"}],"wp:term":[{"taxonomy":"category","embeddable":true,"href":"https:\/\/nillans.com\/index.php?rest_route=%2Fwp%2Fv2%2Fcategories&post=2349"},{"taxonomy":"post_tag","embeddable":true,"href":"https:\/\/nillans.com\/index.php?rest_route=%2Fwp%2Fv2%2Ftags&post=2349"}],"curies":[{"name":"wp","href":"https:\/\/api.w.org\/{rel}","templated":true}]}}