{"id":2287,"date":"2012-07-02T20:54:28","date_gmt":"2012-07-02T19:54:28","guid":{"rendered":"http:\/\/nillans.com\/?p=2287"},"modified":"2012-07-02T20:54:28","modified_gmt":"2012-07-02T19:54:28","slug":"tvatt-har-jag-sa-det-racker-sjalv","status":"publish","type":"post","link":"https:\/\/nillans.com\/?p=2287","title":{"rendered":"Tv\u00e4tt har jag s\u00e5 det r\u00e4cker sj\u00e4lv!"},"content":{"rendered":"<p>Packade sv\u00e4rfars kapps\u00e4ck idag. Eller??<\/p>\n<p>N\u00e4, det mesta kunde inte packas f\u00f6r det var SKITIGT! Bedr\u00f6vligt \u00e4ckligt skitigt&#8230; Det fanns inte en suck att jag skulle vilja h\u00e4nga in dessa kl\u00e4der i hans garderob p\u00e5 Fj\u00e4llbacka :( Det som var minst skitigt fick iaf komma med och de som befann sig i n\u00e4sta fas \u00e5kte ner i en sopp\u00e5se f\u00f6r avf\u00e4rd mot Tv\u00e4tteri Land\u00f6n. De kl\u00e4der som f\u00f6rs\u00f6kte rymma fr\u00e5n garderoberna n\u00e4r jag \u00f6ppnade sparkade jag in igen och talade om att de skulle inte f\u00e5 komma ut f\u00f6rr\u00e4n jag var fullmunderad i f\u00f6rkl\u00e4der, munskydd, handskar och en stor sops\u00e4ck redo&#8230;<\/p>\n<p>Idag var \u00e5ngesten s\u00e5 man kunde ta p\u00e5 den p\u00e5 sv\u00e4rfar :\/ N\u00e4r han fick sin mat \u00e5kte vi ner till centrum f\u00f6r att \u00e4ta och handla. Innan vi \u00e5kte fick jag ge hemtj\u00e4nsten en avhyvling (grrr&#8230;). Hon kom in, sl\u00e4ngde fram maten i sina \u00e4ckliga plastpappkartonger och sa smaklig spis. Hemska sv\u00e4rdottern sp\u00e4nde \u00f6gonen i henne och sa till om att hon ska l\u00e4gga upp maten enligt det beslut som tagits p\u00e5 m\u00f6tet i vintras. Det var fullt uppenbart att hon aldrig hade f\u00f6ljt denna del i omsorgsplanen, hon hade inte den minsta aning om var sv\u00e4rfar har tallrikar och bestick. Men hon fick leta!! Nu vet jag iaf att han kommer f\u00e5 sitta vid dukat bord fr\u00e5n och med i morgon. Han \u00e4r inte den trevligaste m\u00e4nniskan p\u00e5 jorden men har r\u00e4tt att f\u00e5 maten upplagd p\u00e5 en tallrik s\u00e5 den ser n\u00e5got mer aptitlig ut, anser jag iaf.<\/p>\n<p>Maken kom ig\u00e5ng med packning s\u00e5 till den milda grad att han packade allt, inte bara det som ska till Fj\u00e4llbacka. Resurssl\u00f6seri! Det var ju bara det som ska med till Fj\u00e4llbacka som skulle packas! Men det styrde upp sig ganska bra och vi fick med oss mkt som vi l\u00e4mnade p\u00e5 rummet innan vi \u00e5kte hem. Tjejerna har redan satt upp hans namn p\u00e5 d\u00f6rren och v\u00e4lkomnar honom till kv\u00e4llsmaten i morgon :) Ack s\u00e5 sk\u00f6nt det ska bli att veta att han inte \u00e4r ensam, att det finns folk som tittar till honom, att han inte trillar och ligger en hel natt&#8230;mm. I morgon natt kommer jag nog sova v\u00e4\u00e4\u00e4ldigt gott! Ons kommer g\u00e5 \u00e5t till att handla underkl\u00e4der, handdukar och badlakan till sv\u00e4rfar.<\/p>\n<p>Nu \u00e4r det dags att hitta p\u00e5 ngt f\u00f6r magen och sen dialys. I morgon spottar vi i n\u00e4varna igen&#8230;<\/p>\n","protected":false},"excerpt":{"rendered":"<p>Packade sv\u00e4rfars kapps\u00e4ck idag. Eller?? N\u00e4, det mesta kunde inte packas f\u00f6r det var SKITIGT! Bedr\u00f6vligt \u00e4ckligt skitigt&#8230; Det fanns inte en suck att jag skulle vilja h\u00e4nga in dessa kl\u00e4der i hans garderob p\u00e5 Fj\u00e4llbacka :( Det som var &hellip; <a href=\"https:\/\/nillans.com\/?p=2287\">Forts\u00e4tt l\u00e4sa <span class=\"meta-nav\">&rarr;<\/span><\/a><\/p>\n","protected":false},"author":1,"featured_media":0,"comment_status":"open","ping_status":"closed","sticky":false,"template":"","format":"standard","meta":{"footnotes":""},"categories":[14,26],"tags":[],"class_list":["post-2287","post","type-post","status-publish","format-standard","hentry","category-for-en-god-sak","category-livet"],"_links":{"self":[{"href":"https:\/\/nillans.com\/index.php?rest_route=\/wp\/v2\/posts\/2287","targetHints":{"allow":["GET"]}}],"collection":[{"href":"https:\/\/nillans.com\/index.php?rest_route=\/wp\/v2\/posts"}],"about":[{"href":"https:\/\/nillans.com\/index.php?rest_route=\/wp\/v2\/types\/post"}],"author":[{"embeddable":true,"href":"https:\/\/nillans.com\/index.php?rest_route=\/wp\/v2\/users\/1"}],"replies":[{"embeddable":true,"href":"https:\/\/nillans.com\/index.php?rest_route=%2Fwp%2Fv2%2Fcomments&post=2287"}],"version-history":[{"count":0,"href":"https:\/\/nillans.com\/index.php?rest_route=\/wp\/v2\/posts\/2287\/revisions"}],"wp:attachment":[{"href":"https:\/\/nillans.com\/index.php?rest_route=%2Fwp%2Fv2%2Fmedia&parent=2287"}],"wp:term":[{"taxonomy":"category","embeddable":true,"href":"https:\/\/nillans.com\/index.php?rest_route=%2Fwp%2Fv2%2Fcategories&post=2287"},{"taxonomy":"post_tag","embeddable":true,"href":"https:\/\/nillans.com\/index.php?rest_route=%2Fwp%2Fv2%2Ftags&post=2287"}],"curies":[{"name":"wp","href":"https:\/\/api.w.org\/{rel}","templated":true}]}}