{"id":2137,"date":"2012-06-03T00:03:39","date_gmt":"2012-06-02T23:03:39","guid":{"rendered":"http:\/\/nillans.com\/?p=2137"},"modified":"2012-06-03T00:03:39","modified_gmt":"2012-06-02T23:03:39","slug":"josses-vad-det-small","status":"publish","type":"post","link":"https:\/\/nillans.com\/?p=2137","title":{"rendered":"J\u00f6sses vad det small!!!"},"content":{"rendered":"<p>Har fortsatt med tapetseringen idag. Allt gick bra tills jag skulle ha bort en bit spackel och k\u00f6rde kniven rakt \u00f6ver en kabel :-\u00a0 Hade jag inte nyss varit p\u00e5 toa s\u00e5 lovar jag att byxorna hade intagit en heeeelt annan form, f\u00e4rg och lukt. Fy farao va r\u00e4dd jag blev av sm\u00e4llen och ljusstr\u00e5len! Konstigt nog k\u00e4nde jag inget alls. Undrar om det var pga att jag stod p\u00e5 en pall eller om det var foppatofflorna som hj\u00e4lpte mig?<\/p>\n<p>Med t\u00e5rar i \u00f6gonen ringde jag&#8230;far&#8230;som skrattade \u00e5t mig. Ev div telesamtal med k\u00e4re elektrikern (m\u00e5ste ju dubbelkolla att jag gjorde r\u00e4tt) hade jag \u00e5tg\u00e4rdat skadan men var tre timmar fattigare i min planering.<\/p>\n<p>Man ska alltid hitta ngt positivt i det som h\u00e4nder s\u00e5;<br \/>\n* jag fick ingen st\u00f6t<br \/>\n* jag fixade en proffsig lagning<br \/>\n* jag fick prata med mor och far&#8230;flera ggr<br \/>\n* jag vet nu att jag nog inte vill vara elektriker i framtiden ;-) <\/p>\n<p>Hepp! :-)<\/p>\n","protected":false},"excerpt":{"rendered":"<p>Har fortsatt med tapetseringen idag. Allt gick bra tills jag skulle ha bort en bit spackel och k\u00f6rde kniven rakt \u00f6ver en kabel :-\u00a0 Hade jag inte nyss varit p\u00e5 toa s\u00e5 lovar jag att byxorna hade intagit en heeeelt &hellip; <a href=\"https:\/\/nillans.com\/?p=2137\">Forts\u00e4tt l\u00e4sa <span class=\"meta-nav\">&rarr;<\/span><\/a><\/p>\n","protected":false},"author":1,"featured_media":0,"comment_status":"open","ping_status":"closed","sticky":false,"template":"","format":"standard","meta":{"footnotes":""},"categories":[15,16,19,25,31,37],"tags":[78,84,122,107],"class_list":["post-2137","post","type-post","status-publish","format-standard","hentry","category-fundersamt","category-gladje","category-ilska","category-lite-pa-skoj","category-motvalls","category-renovering","tag-jag-kan","tag-koket","tag-renovering","tag-vad-jag-inte-vill-gora"],"_links":{"self":[{"href":"https:\/\/nillans.com\/index.php?rest_route=\/wp\/v2\/posts\/2137","targetHints":{"allow":["GET"]}}],"collection":[{"href":"https:\/\/nillans.com\/index.php?rest_route=\/wp\/v2\/posts"}],"about":[{"href":"https:\/\/nillans.com\/index.php?rest_route=\/wp\/v2\/types\/post"}],"author":[{"embeddable":true,"href":"https:\/\/nillans.com\/index.php?rest_route=\/wp\/v2\/users\/1"}],"replies":[{"embeddable":true,"href":"https:\/\/nillans.com\/index.php?rest_route=%2Fwp%2Fv2%2Fcomments&post=2137"}],"version-history":[{"count":0,"href":"https:\/\/nillans.com\/index.php?rest_route=\/wp\/v2\/posts\/2137\/revisions"}],"wp:attachment":[{"href":"https:\/\/nillans.com\/index.php?rest_route=%2Fwp%2Fv2%2Fmedia&parent=2137"}],"wp:term":[{"taxonomy":"category","embeddable":true,"href":"https:\/\/nillans.com\/index.php?rest_route=%2Fwp%2Fv2%2Fcategories&post=2137"},{"taxonomy":"post_tag","embeddable":true,"href":"https:\/\/nillans.com\/index.php?rest_route=%2Fwp%2Fv2%2Ftags&post=2137"}],"curies":[{"name":"wp","href":"https:\/\/api.w.org\/{rel}","templated":true}]}}