{"id":1999,"date":"2012-05-01T09:14:13","date_gmt":"2012-05-01T08:14:13","guid":{"rendered":"http:\/\/nillans.com\/?p=1999"},"modified":"2012-05-01T09:14:13","modified_gmt":"2012-05-01T08:14:13","slug":"oproffsig","status":"publish","type":"post","link":"https:\/\/nillans.com\/?p=1999","title":{"rendered":"Oproffsig!!"},"content":{"rendered":"<p>Ig\u00e5r var jag oproffsig :( VERKLIGEN oproffsig men jag orkade inte vara pedagogisk&#8230;<\/p>\n<p>F\u00f6rst gick jag en dust med sv\u00e4rmor som (hennes vana trogen och som jag vant mig av med under \u00e5tta \u00e5rs tystnad) ans\u00e5g att jag (hmm) minsann inte skulle l\u00e4gga 2000 kr p\u00e5 ett tak till altanen. Det g\u00e5r precis lika bra med ett parasoll, ans\u00e5g hon. Jag skulle se till att spara s\u00e5 jag (igen??) kan renovera badrummet. Hmm&#8230;hur ska JAG f\u00e5 tag p\u00e5 30 000 kr till det? Det \u00e4r jobbigt nog att f\u00e5 ihop 2000 kr n\u00e4r man \u00e4r sjukskriven! Att f\u00e5 taket p\u00e5 halva altanen kommer ge mig s\u00e5 mkt m\u00e5-bra-medicin. Jag kan bo d\u00e4r ute heeeela sommaren utan att solen n\u00e5r att pussa p\u00e5 mig och ge mig utslag. Badrummet har vi beslutat g\u00f6ra vid n\u00e4r dialysen \u00e4r slut. Visst \u00e4r det i enormt behov men hur kul \u00e4r det att g\u00f6ra snyggt och f\u00e5 upp nytt p\u00e5 v\u00e4ggarna f\u00f6r att sen teknikerna ska komma och borra h\u00e5l f\u00f6r alla maskiner?? N\u00e4, d\u00e5 st\u00e5r jag ut med att det luktar lite fukt (blir det m\u00f6gel \u00e4r vi piskade att g\u00f6ra renoveringen genast pga min allergi) och v\u00e4ntar tills jag kan gl\u00e4djas 100% \u00e5t det. F\u00f6r \u00f6vrigt har jag ngt tusenlappar kvar innan jag \u00e4r klar med k\u00f6ket&#8230;Jag bor mer i k\u00f6ket \u00e4n i badrummet ;)<\/p>\n<p>Sen ringde sv\u00e4rfar p\u00e5 f\u00f6rkv\u00e4llen. Han var f\u00f6rbannad! Vi hade ju tagit den d\u00e4r till det gr\u00f6na havet (Gr\u00e4sklipparen) och vagnen med tv\u00e5 hjul (sl\u00e4pet). J\u00f6sses, ska han b\u00f6rja nu igen???<br \/>\nF\u00f6rs\u00f6kte f\u00f6rklara att gr\u00e4sklipparen funkade ju inte. Han kunde inte sj\u00e4lv hantera den i h\u00f6stas &#8211; inte ens f\u00e5 ig\u00e5ng den. Nu hette det att vi bara f\u00e5tt hem den f\u00f6r att g\u00f6ra vid den (?)! Han snorkade p\u00e5 och menade att vi bara s\u00e4ger att den inte funkar f\u00f6r att vi ska beh\u00e5lla den. F\u00f6rs\u00f6kte f\u00f6rklara att HAN tvunget ville att vi skulle ha den, s\u00e5 till den milda grad att VI fick hyra ett sl\u00e4p f\u00f6r att f\u00e5 hem den. N\u00e4h\u00e4, det d\u00e4r sl\u00e4pet var HANS och det skulle han ha tillbaka *suck*. Sen fick jag h\u00f6ra att jag bara ljuger och d\u00e5 brast det. Jag fixade inte att vara proffsig l\u00e4ngre. Jag tog till den d\u00e4r h\u00e5rda iskalla r\u00f6sten och talade om att vi skulle minsann k\u00f6ra tillbaka ALLT vi f\u00e5tt fr\u00e5n honom och sen s\u00e4ger vi upp bekantskapen med honom!<\/p>\n<p>N\u00e4, det fick vi ju inte g\u00f6ra&#8230;.d\u00e5 b\u00f6rjade gubben f\u00e5 darr p\u00e5 r\u00f6sten.<br \/>\nPratade lite om ditt och datt och sen drog han ig\u00e5ng igen med att vi stulit och ljuger.<br \/>\nD\u00e5 sa jag &#8221;nu t\u00e4nker jag inte prata mer med dig n\u00e4r du beter dig s\u00e5 illa, HEJD\u00c5!&#8221; och sen la jag p\u00e5 luren<br \/>\n<img decoding=\"async\" title=\"smilies\" src=\"http:\/\/nillans.com\/wp-includes\/images\/smilies\/arg2.gif\" alt=\"smilies\" border=\"0\" \/><\/p>\n<p>Hemskt oproffsigt men jag orkade inte ta mer dravel&#8230;<\/p>\n<p>Jag VET ju att det \u00e4r demensen som sp\u00f6kar och f\u00f6rmodligen har han sett andra klippa sina gr\u00e4smattor och blivit p\u00e5mind. Men n\u00e5gonstans accepterar jag inte att en diagnos f\u00e5r tala genom vett och sans. Hade han backat n\u00e4r jag f\u00f6rklarade och sagt att han inte minns eller liknande s\u00e5 \u00e4r det en annan sak men att h\u00e5rdnackat kalla mig f\u00f6r tjuv och l\u00f6gnare fixar jag inte!<\/p>\n<p>Nu ringer han f\u00f6r f\u00f6rsta ggn idag men det \u00e4r inte min far och jag kommer inte svara. Jag v\u00e4ntar p\u00e5 att min k\u00e4ra mor och far ska komma och ge mig lite livslust, k\u00e4rlek, omtanke och m\u00e5-bra-baciller :)<\/p>\n","protected":false},"excerpt":{"rendered":"<p>Ig\u00e5r var jag oproffsig :( VERKLIGEN oproffsig men jag orkade inte vara pedagogisk&#8230; F\u00f6rst gick jag en dust med sv\u00e4rmor som (hennes vana trogen och som jag vant mig av med under \u00e5tta \u00e5rs tystnad) ans\u00e5g att jag (hmm) minsann &hellip; <a href=\"https:\/\/nillans.com\/?p=1999\">Forts\u00e4tt l\u00e4sa <span class=\"meta-nav\">&rarr;<\/span><\/a><\/p>\n","protected":false},"author":1,"featured_media":0,"comment_status":"open","ping_status":"closed","sticky":false,"template":"","format":"standard","meta":{"footnotes":""},"categories":[24,26,31],"tags":[],"class_list":["post-1999","post","type-post","status-publish","format-standard","hentry","category-ledsamt","category-livet","category-motvalls"],"_links":{"self":[{"href":"https:\/\/nillans.com\/index.php?rest_route=\/wp\/v2\/posts\/1999","targetHints":{"allow":["GET"]}}],"collection":[{"href":"https:\/\/nillans.com\/index.php?rest_route=\/wp\/v2\/posts"}],"about":[{"href":"https:\/\/nillans.com\/index.php?rest_route=\/wp\/v2\/types\/post"}],"author":[{"embeddable":true,"href":"https:\/\/nillans.com\/index.php?rest_route=\/wp\/v2\/users\/1"}],"replies":[{"embeddable":true,"href":"https:\/\/nillans.com\/index.php?rest_route=%2Fwp%2Fv2%2Fcomments&post=1999"}],"version-history":[{"count":0,"href":"https:\/\/nillans.com\/index.php?rest_route=\/wp\/v2\/posts\/1999\/revisions"}],"wp:attachment":[{"href":"https:\/\/nillans.com\/index.php?rest_route=%2Fwp%2Fv2%2Fmedia&parent=1999"}],"wp:term":[{"taxonomy":"category","embeddable":true,"href":"https:\/\/nillans.com\/index.php?rest_route=%2Fwp%2Fv2%2Fcategories&post=1999"},{"taxonomy":"post_tag","embeddable":true,"href":"https:\/\/nillans.com\/index.php?rest_route=%2Fwp%2Fv2%2Ftags&post=1999"}],"curies":[{"name":"wp","href":"https:\/\/api.w.org\/{rel}","templated":true}]}}