{"id":1906,"date":"2012-04-15T23:35:07","date_gmt":"2012-04-15T22:35:07","guid":{"rendered":"http:\/\/nillans.com\/?p=1906"},"modified":"2012-04-15T23:35:07","modified_gmt":"2012-04-15T22:35:07","slug":"styrka-sorg-lattnad-panik","status":"publish","type":"post","link":"https:\/\/nillans.com\/?p=1906","title":{"rendered":"Styrka &#8211; sorg &#8211; l\u00e4ttnad &#8211; panik"},"content":{"rendered":"<p>Jag beundrar den som v\u00e5gar ta klivet och f\u00f6r\u00e4ndra sitt liv radikalt.<br \/>\nAtt leva i ett f\u00f6rh\u00e5llande d\u00e4r k\u00e4rleken tagit slut fr\u00e5n ena parten \u00e4r inte det l\u00e4ttaste. M\u00e5nga stannar nog kvar f\u00f6r att det \u00e4r tryggt och invant, som ett par gamla skor som \u00e4r redo att sl\u00e4ngas egentligen.<\/p>\n<p>En k\u00e4r n\u00e4rst\u00e5ende person l\u00e4mnar ett m\u00e5ng\u00e5rigt \u00e4ktenskap f\u00f6r att just inte g\u00e5 p\u00e5 i det gamla invanda. F\u00f6r att slippa gr\u00e4l, gnat och tjat, misst\u00e4nksamhet, sn\u00e5l ekonomi och massa annat. En g\u00e5ng i tiden var k\u00e4rleken stor men den har falnat. K\u00e4rlekens eld m\u00e5ste underh\u00e5llas med frisk ved &#8211; inte med surt eller murket, annars d\u00f6r den.<br \/>\nAtt ta klivet och l\u00e4mna det trygga och ge sig ut i det ok\u00e4nda \u00e4r inget l\u00e4tt kliv. Att f\u00f6rlita sig p\u00e5 att allt ska bli b\u00e4ttre samtidigt som sorgen hos den andre parten \u00e4r enorm och o\u00f6vervinnerlig, det \u00e4r inte l\u00e4tt.<\/p>\n<p>Men jag beundrar \u00e4nd\u00e5 denna person som v\u00e5gar, som orkar, som tagit det tuffa beslutet. Att inte neka sig k\u00e4rleken till sig sj\u00e4lv f\u00f6r att andra ska m\u00e5 bra, det \u00e4r starkt!! Man \u00e4r bara SJ\u00c4LV ansvarig f\u00f6r sin egen lycka!<\/p>\n<p>Jag har sj\u00e4lv blivit l\u00e4mnad fr\u00e5n, i ton\u00e5rstankar sett, l\u00e5ngt f\u00f6rh\u00e5llande. Det var inte ngt lyckligt f\u00f6rh\u00e5llande egentligen men det var \u00e4nd\u00e5 ngt som jag var van vid. Jag h\u00f6ll\u00a0fast i det som vid en livboj! Jag accepterade till och med att f\u00e5 stryk!<\/p>\n<p><img decoding=\"async\" title=\"smilies\" src=\"http:\/\/nillans.com\/wp-includes\/images\/smilies\/0514.gif\" alt=\"smilies\" border=\"0\" \/><\/p>\n<p>N\u00e4r jag kom bort fr\u00e5n det hela (efter otrohet fr\u00e5n hans sida under ett halv\u00e5r bak min rygg) var sorgen enorm. Jag ville verkligen inte att v\u00e4rlden skulle finnas&#8230;eller \u00e5tminstone inte jag. Jag fick bo hos mor och far och led alla kval jag kunde och de f\u00f6rs\u00f6kte h\u00e5lla mig under armarna ovan vattenytan. Jag reste mig och jag ins\u00e5g att jag hade det v\u00e4ldigt bra ensam efter ett tag! Ingen som h\u00f6ll koll p\u00e5 mig, ingen som skulle vara medbest\u00e4mmande i min ekonomi, ingen som vr\u00e5lade f\u00f6r att jag k\u00f6pt nya byxor, ingen som klagade \u00f6ver att jag k\u00f6pt fel p\u00e5l\u00e4gg etc. Jag gjorde precis som jag sj\u00e4lv ville!<br \/>\nDetta f\u00f6rs\u00f6ker jag f\u00f6rmedla till personens motpart nu. Det k\u00e4nns nattsvart men man klarar det. Dessutom finns det vuxna barn inblandade som alltid kommer bry sig lika mkt om sina b\u00e5da f\u00f6r\u00e4ldrar &#8211; jag var sj\u00e4lv&#8230;med en sch\u00e4fer (\u00e4lskade Dickie&#8230;)<\/p>\n<p>Jag \u00e4r s\u00e5 stolt \u00f6ver person 1 som tar steget till ett sj\u00e4lvst\u00e4ndigt liv, ett liv som har den i spegeln som f\u00f6rsta person.<br \/>\nJag lider med den andre som inte kan se f\u00f6rbi det svarta, sorgen, paniken och ensamheten&#8230;<\/p>\n<p>En annan k\u00e4r person sitter i den nattsvarta b\u00e5ten och \u00e4r p\u00e5 v\u00e4g att bli l\u00e4mnad ensam. \u00c4ven h\u00e4r s\u00e4ger jag att man klarar det fast i detta fallet kommer det &#8221;kosta&#8221; s\u00e5 mkt mer f\u00f6r att det finns helt andra f\u00f6ruts\u00e4ttningar\/problem att brottas med \u00e4n i fall nr 1.<\/p>\n<p>Det kostar energi att k\u00e4nna s\u00e5 h\u00e4r. Jag kommer alltid beundra person nr 1 f\u00f6r att h*n tar tag i sitt liv och l\u00e5ter sig sj\u00e4lv vara i f\u00f6rsta rummet. Jag s\u00f6rjer med de andra tv\u00e5&#8230;och mantrar &#8221;<em>jag \u00e4r inte ansvarig f\u00f6r andras lycka<\/em>&#8221;.<\/p>\n<p>Idag har \u00e4ven tankarna g\u00e5tt till en barndomsv\u00e4n. Idag \u00e4r det ett \u00e5r sedan hon och hennes familj f\u00f6rlorade sin yngste son i en drunkningsolycka. \u00c5rsdagar \u00e4r jobbiga, de sliter s\u00f6nder en bit av hj\u00e4rtat&#8230;igen. Man undrar vart styrkan att g\u00e5 vidare kommer ifr\u00e5n (fr\u00e5n barnatron, k\u00e4rleken inom familjen och fr\u00e5n v\u00e4nner helt klart), sorgen \u00f6ver att ett lyckopiller \u00e4r borta f\u00f6r alltid i kroppslig form, paniken som v\u00e4cker en om natten och insikten kommer iskallt &#8211; han finns inte mer! Mitt hj\u00e4rta gr\u00e5ter f\u00f6r hela familjen.<br \/>\nI kv\u00e4ll har ljuset st\u00e5tt t\u00e4nt f\u00f6r Wilmer och hans familj.<\/p>\n<p><img loading=\"lazy\" decoding=\"async\" class=\"alignnone\" title=\"Ett ljus f\u00f6r Johannessons\" src=\"http:\/\/distilleryimage9.instagram.com\/1b24a848874211e1af7612313813f8e8_7.jpg\" alt=\"\" width=\"612\" height=\"612\" \/><\/p>\n<p>Be strong!<br \/>\nHold on!<br \/>\nGo on!<br \/>\nBreath!!<\/p>\n","protected":false},"excerpt":{"rendered":"<p>Jag beundrar den som v\u00e5gar ta klivet och f\u00f6r\u00e4ndra sitt liv radikalt. Att leva i ett f\u00f6rh\u00e5llande d\u00e4r k\u00e4rleken tagit slut fr\u00e5n ena parten \u00e4r inte det l\u00e4ttaste. M\u00e5nga stannar nog kvar f\u00f6r att det \u00e4r tryggt och invant, som &hellip; <a href=\"https:\/\/nillans.com\/?p=1906\">Forts\u00e4tt l\u00e4sa <span class=\"meta-nav\">&rarr;<\/span><\/a><\/p>\n","protected":false},"author":1,"featured_media":0,"comment_status":"open","ping_status":"closed","sticky":false,"template":"","format":"standard","meta":{"footnotes":""},"categories":[15,26],"tags":[],"class_list":["post-1906","post","type-post","status-publish","format-standard","hentry","category-fundersamt","category-livet"],"_links":{"self":[{"href":"https:\/\/nillans.com\/index.php?rest_route=\/wp\/v2\/posts\/1906","targetHints":{"allow":["GET"]}}],"collection":[{"href":"https:\/\/nillans.com\/index.php?rest_route=\/wp\/v2\/posts"}],"about":[{"href":"https:\/\/nillans.com\/index.php?rest_route=\/wp\/v2\/types\/post"}],"author":[{"embeddable":true,"href":"https:\/\/nillans.com\/index.php?rest_route=\/wp\/v2\/users\/1"}],"replies":[{"embeddable":true,"href":"https:\/\/nillans.com\/index.php?rest_route=%2Fwp%2Fv2%2Fcomments&post=1906"}],"version-history":[{"count":0,"href":"https:\/\/nillans.com\/index.php?rest_route=\/wp\/v2\/posts\/1906\/revisions"}],"wp:attachment":[{"href":"https:\/\/nillans.com\/index.php?rest_route=%2Fwp%2Fv2%2Fmedia&parent=1906"}],"wp:term":[{"taxonomy":"category","embeddable":true,"href":"https:\/\/nillans.com\/index.php?rest_route=%2Fwp%2Fv2%2Fcategories&post=1906"},{"taxonomy":"post_tag","embeddable":true,"href":"https:\/\/nillans.com\/index.php?rest_route=%2Fwp%2Fv2%2Ftags&post=1906"}],"curies":[{"name":"wp","href":"https:\/\/api.w.org\/{rel}","templated":true}]}}