{"id":1845,"date":"2012-04-01T21:02:17","date_gmt":"2012-04-01T20:02:17","guid":{"rendered":"http:\/\/nillans.com\/?p=1845"},"modified":"2012-04-01T21:02:17","modified_gmt":"2012-04-01T20:02:17","slug":"offer-for-stridiga-kanslor","status":"publish","type":"post","link":"https:\/\/nillans.com\/?p=1845","title":{"rendered":"Offer f\u00f6r stridiga k\u00e4nslor"},"content":{"rendered":"<p>Det \u00e4r inte l\u00e4tt att vara ett offer f\u00f6r stridiga k\u00e4nslor. N\u00e4r man lixom&#8217; har en fot i vardera motpol&#8230;<br \/>\nJag kanske ska f\u00f6rs\u00f6ka reda ut den r\u00f6ran som finns i skallen s\u00e5 ni fattar ;)<\/p>\n<p>Kalle och Lisa har varit gifta i m\u00e5nga \u00e5r. De har tv\u00e5 barn tillsammans.<br \/>\nLisa st\u00e5r mig n\u00e4ra och \u00e4r den pol som jag vill f\u00f6rsvara, hj\u00e4lpa och skydda.<\/p>\n<p>Kalle och jag blev v\u00e4nner ganska s\u00e5 fort efter att Kalle och Lisa blev tillsammans. Jag fick ta del av mycket fr\u00e5n hans bakgrund och spenderade mkt tid tillsammans med paret under deras f\u00f6rsta \u00e5r. N\u00e4r de fick sitt f\u00f6rsta barn bodde jag hos dem i en vecka f\u00f6r att hj\u00e4lpa till och givetvis f\u00f6r bebismys :heart:<\/p>\n<p>\u00c5ren gick och Kalle b\u00f6rjade mer och mer visa \u00e4gander\u00e4tt om Lisa. Han b\u00f6rjade \u00e4ven visa upp samma beteende som sin egen far (inte av den bra sorten om man s\u00e4ger som s\u00e5). Barn nummer tv\u00e5 var mkt vildare \u00e4n barn nummer ett och jag tror att Lisas vardagstristess samt Kalles behov av enformighet slog den d\u00e4r ber\u00f6mda spiken i berget som f\u00e5r det att r\u00e4mna. Ju mer jag f\u00f6rs\u00f6kte hj\u00e4lpa desto mer h\u00f6ll Kalle sin familj fr\u00e5n mig. Under n\u00e5gra \u00e5r fick jag inte ens tr\u00e4ffa barnen om det inte var av n\u00f6den tvunget (typ kalas). Kalles avsky mot mig syntes i barnen och mitt hj\u00e4rta gick s\u00f6nder. Sprickan blev st\u00f6rre&#8230;<\/p>\n<p>Det gick ytterligare \u00e5r och barnen blev stora och jag fick en chans att prata med dem utan Kalles inblandning. Jag fick h\u00f6ra massa \u00e5ngest krypa ur dem \u00f6ver att beh\u00f6va lyda sin far och veta att det inte fanns annan anledning \u00e4n avsky f\u00f6r mig. Jag kan idag prata med barnen utan att de eller jag beh\u00f6ver v\u00e4ga av vart enda ord och det k\u00e4nns s\u00e5 sk\u00f6nt!<\/p>\n<p>Kalle har var jag kallar psykiskt misshandlat Lisa mer och mer genom \u00e5ren. Om Lisa har en manlig arbetskamrat s\u00e5 \u00e4r hon otrogen om hon byter kl\u00e4der innan jobb, sminkar sig, \u00e4r glad f\u00f6r sitt jobb etc (??) Det finns mer av detta slag men det v\u00e4ljer jag att l\u00e4mna d\u00e4rh\u00e4n f\u00f6r denna g\u00e5ng. Allt resulterar \u00e4nd\u00e5 bara i att skapa br\u00e5k, f\u00e5 Lisa att k\u00e4nna sig skyldig, r\u00e4dsla f\u00f6r ensamhet och en MASSA ouppklarat fr\u00e5n Kalles barndom.<br \/>\nLisa har nu f\u00e5tt lite mer skinn p\u00e5 n\u00e4san och en enorm p\u00e5tryckning fr\u00e5n mig och n\u00e5gra till att s\u00f6ka hj\u00e4lp. Ena dagen vill Lisa leva sj\u00e4lv och andra \u00e4lskar hon Kalle precis som innan. Det \u00e4r inte l\u00e4tt och jag har FULL f\u00f6rst\u00e5else f\u00f6r detta vacklande. Fram till nu har jag st\u00e5tt med b\u00e5da benen i Lisas l\u00e4ger och klart h\u00e4vdat att hon m\u00e5ste g\u00f6ra ngt f\u00f6r att inte drunkna och tappa bort sig sj\u00e4lv totalt.<\/p>\n<p>H\u00e4romdagen tr\u00e4ffade jag Lisa och Kalle p\u00e5 ett kalas. Kalle som de senaste \u00e5ren varit extremt tystl\u00e5ten p\u00e5 sammankomster pratade n\u00e4stan oavbrutet p\u00e5 detta kalas, med alla! D\u00e5 slog det mig &#8211; h\u00e5rt &#8211; hur desperat han egentligen \u00e4r! Att han kommit p\u00e5 att han m\u00e5ste sm\u00f6ra f\u00f6r Lisa \u00e4r en sak men nu m\u00e5ste Kalle l\u00e4gga sig p\u00e5 plus n\u00e4r det g\u00e4ller resterande omgivning ocks\u00e5. \u00a0Jag \u00e4r fullt medveten om manipulativa som ligger bakom och \u00e4nd\u00e5 m\u00e5r jag d\u00e5ligt. Jag m\u00e5r d\u00e5ligt f\u00f6r jag vet hur det k\u00e4nns i Kalle nu (att bli l\u00e4mnad ensam \u00e4r traumatiskt). F\u00f6r kanske Kalle har f\u00f6rst\u00e5tt hur allvarligt det \u00e4r? I s\u00e5 fall s\u00e5 k\u00e4nner jag hans panik, sorg, ensamhet, f\u00f6rtvivlan&#8230;och tycker synd om honom.<\/p>\n<p>Mor och far har l\u00e4rt oss att alltid ge folk en extra chans. Kalle har nog f\u00e5tt en uppsj\u00f6 med chanser och \u00e4nd\u00e5 \u00e4r JAG beredd att ge honom ytterligare en&#8230; eller?<br \/>\nJag vet att jag \u00e4r lite ambivalent sedan jag gick in i den d\u00e4r v\u00e4ggen.<br \/>\nF\u00e5r jag lov att skylla p\u00e5 det? Sn\u00e4lla&#8230;<\/p>\n<p>&nbsp;<\/p>\n<p>Och detta har inte gjort mig ett enda dugg klokare&#8230;och f\u00f6rmodligen inte du som orkat l\u00e4sa till slutet heller.<\/p>\n<p>Jag \u00c4R offer f\u00f6r stridiga k\u00e4nslor &#8211; ska jag ge Kalle ytterligare en chans? Hj\u00e4rnan s\u00e4ger nej, hj\u00e4rtat ja&#8230; *suck*<\/p>\n<p><img decoding=\"async\" title=\"smilies\" src=\"http:\/\/nillans.com\/wp-includes\/images\/smilies\/0514.gif\" alt=\"smilies\" border=\"0\" \/>\u00a0suck&#8230;suck&#8230;.suck&#8230;suck&#8230;&#8230;.<\/p>\n","protected":false},"excerpt":{"rendered":"<p>Det \u00e4r inte l\u00e4tt att vara ett offer f\u00f6r stridiga k\u00e4nslor. N\u00e4r man lixom&#8217; har en fot i vardera motpol&#8230; Jag kanske ska f\u00f6rs\u00f6ka reda ut den r\u00f6ran som finns i skallen s\u00e5 ni fattar ;) Kalle och Lisa har &hellip; <a href=\"https:\/\/nillans.com\/?p=1845\">Forts\u00e4tt l\u00e4sa <span class=\"meta-nav\">&rarr;<\/span><\/a><\/p>\n","protected":false},"author":1,"featured_media":0,"comment_status":"open","ping_status":"closed","sticky":false,"template":"","format":"standard","meta":{"footnotes":""},"categories":[15],"tags":[],"class_list":["post-1845","post","type-post","status-publish","format-standard","hentry","category-fundersamt"],"_links":{"self":[{"href":"https:\/\/nillans.com\/index.php?rest_route=\/wp\/v2\/posts\/1845","targetHints":{"allow":["GET"]}}],"collection":[{"href":"https:\/\/nillans.com\/index.php?rest_route=\/wp\/v2\/posts"}],"about":[{"href":"https:\/\/nillans.com\/index.php?rest_route=\/wp\/v2\/types\/post"}],"author":[{"embeddable":true,"href":"https:\/\/nillans.com\/index.php?rest_route=\/wp\/v2\/users\/1"}],"replies":[{"embeddable":true,"href":"https:\/\/nillans.com\/index.php?rest_route=%2Fwp%2Fv2%2Fcomments&post=1845"}],"version-history":[{"count":0,"href":"https:\/\/nillans.com\/index.php?rest_route=\/wp\/v2\/posts\/1845\/revisions"}],"wp:attachment":[{"href":"https:\/\/nillans.com\/index.php?rest_route=%2Fwp%2Fv2%2Fmedia&parent=1845"}],"wp:term":[{"taxonomy":"category","embeddable":true,"href":"https:\/\/nillans.com\/index.php?rest_route=%2Fwp%2Fv2%2Fcategories&post=1845"},{"taxonomy":"post_tag","embeddable":true,"href":"https:\/\/nillans.com\/index.php?rest_route=%2Fwp%2Fv2%2Ftags&post=1845"}],"curies":[{"name":"wp","href":"https:\/\/api.w.org\/{rel}","templated":true}]}}