{"id":1773,"date":"2012-03-22T23:23:56","date_gmt":"2012-03-22T22:23:56","guid":{"rendered":"http:\/\/nillans.com\/?p=1773"},"modified":"2012-03-22T23:23:56","modified_gmt":"2012-03-22T22:23:56","slug":"dagen-gick-vart","status":"publish","type":"post","link":"https:\/\/nillans.com\/?p=1773","title":{"rendered":"Dagen gick&#8230;vart?"},"content":{"rendered":"<p>Det har varit ett alldeles underbart v\u00e4der idag och \u00e4nd\u00e5 vet jag inte vart den tog v\u00e4gen.<br \/>\nJag r\u00e4fsade l\u00e4ngs volj\u00e4rerna p\u00e5 norrsidan. Jag nj\u00f6t av kaffe p\u00e5 gamla altanen och funderade p\u00e5 att sitta kvar d\u00e4r med en filt och vila n\u00e4r tr\u00f6ttheten slog p\u00e5. Men det gjorde jag inte, jag tror jag landade i s\u00e4ngen&#8230;<\/p>\n<p><img decoding=\"async\" title=\"IMG_20120322_183535.jpg\" class=\"alignnone\" alt=\"image\" src=\"http:\/\/nillans.com\/wp-content\/uploads\/2012\/03\/wpid-IMG_20120322_183535.jpg\" \/><\/p>\n<p>Jag blev iaf galet sugen p\u00e5 potatisgrat\u00e4ng och grillat. Ingen av oss orkade plocka ihop grillen s\u00e5 jag invigde min grillpanna.<br \/>\nUnder tiden grat\u00e4ngen stod i ugnen kopplade jag en extra satellit till centerutg\u00e5ngen p\u00e5 surround-anl\u00e4ggningen. Den extra h\u00f6gtalarsatelliten st\u00e5r nu p\u00e5 sk\u00e5pet i k\u00f6ket. Kn\u00e4ppt, jag vet, men den\/de som \u00e4r i tv-rummet ska inte beh\u00f6va bli d\u00f6va f\u00f6r att jag ska h\u00f6ra n\u00e4r jag g\u00f6r ngt i k\u00f6ket. ;-) Funkade j\u00e4ttebra! S\u00e5 n\u00e5gon nytta m\u00e5ste jag ha gjort idag, dagen som f\u00f6rsvann&#8230;<\/p>\n<p><em>Jo, jag skickade iv\u00e4g en egenremiss ocks\u00e5&#8230;men det blir en annan story, en annan g\u00e5ng.<\/em><\/p>\n<p><em><img decoding=\"async\" title=\"20409_~3.GIF\" class=\"alignnone\" alt=\"image\" src=\"http:\/\/nillans.com\/wp-content\/uploads\/2012\/03\/wpid-20409_3.gif\" \/><\/em><\/p>\n","protected":false},"excerpt":{"rendered":"<p>Det har varit ett alldeles underbart v\u00e4der idag och \u00e4nd\u00e5 vet jag inte vart den tog v\u00e4gen. Jag r\u00e4fsade l\u00e4ngs volj\u00e4rerna p\u00e5 norrsidan. Jag nj\u00f6t av kaffe p\u00e5 gamla altanen och funderade p\u00e5 att sitta kvar d\u00e4r med en filt &hellip; <a href=\"https:\/\/nillans.com\/?p=1773\">Forts\u00e4tt l\u00e4sa <span class=\"meta-nav\">&rarr;<\/span><\/a><\/p>\n","protected":false},"author":1,"featured_media":0,"comment_status":"open","ping_status":"closed","sticky":false,"template":"","format":"standard","meta":{"footnotes":""},"categories":[26,27],"tags":[],"class_list":["post-1773","post","type-post","status-publish","format-standard","hentry","category-livet","category-mat"],"_links":{"self":[{"href":"https:\/\/nillans.com\/index.php?rest_route=\/wp\/v2\/posts\/1773","targetHints":{"allow":["GET"]}}],"collection":[{"href":"https:\/\/nillans.com\/index.php?rest_route=\/wp\/v2\/posts"}],"about":[{"href":"https:\/\/nillans.com\/index.php?rest_route=\/wp\/v2\/types\/post"}],"author":[{"embeddable":true,"href":"https:\/\/nillans.com\/index.php?rest_route=\/wp\/v2\/users\/1"}],"replies":[{"embeddable":true,"href":"https:\/\/nillans.com\/index.php?rest_route=%2Fwp%2Fv2%2Fcomments&post=1773"}],"version-history":[{"count":0,"href":"https:\/\/nillans.com\/index.php?rest_route=\/wp\/v2\/posts\/1773\/revisions"}],"wp:attachment":[{"href":"https:\/\/nillans.com\/index.php?rest_route=%2Fwp%2Fv2%2Fmedia&parent=1773"}],"wp:term":[{"taxonomy":"category","embeddable":true,"href":"https:\/\/nillans.com\/index.php?rest_route=%2Fwp%2Fv2%2Fcategories&post=1773"},{"taxonomy":"post_tag","embeddable":true,"href":"https:\/\/nillans.com\/index.php?rest_route=%2Fwp%2Fv2%2Ftags&post=1773"}],"curies":[{"name":"wp","href":"https:\/\/api.w.org\/{rel}","templated":true}]}}